{"id":139169,"date":"2018-04-21T19:37:46","date_gmt":"2018-04-21T22:37:46","guid":{"rendered":"https:\/\/www.redenoticia.com.br\/noticia\/?p=139169"},"modified":"2018-04-21T19:37:22","modified_gmt":"2018-04-21T22:37:22","slug":"novela-onde-nascem-os-fortes-personagens-e-elenco","status":"publish","type":"post","link":"https:\/\/migracao.redenoticia.com.br\/noticia\/2018\/novela-onde-nascem-os-fortes-personagens-e-elenco\/139169","title":{"rendered":"Novela &#8220;Onde Nascem os Fortes&#8221;: personagens e elenco"},"content":{"rendered":"<p> <img loading=\"lazy\" decoding=\"async\" src=\"https:\/\/migracao.redenoticia.com.br\/noticia\/imagens\/onde-nascem-os-fortes-novela-globo-resumo-150x112.jpg\" alt=\"\" width=\"150\" height=\"112\" class=\"alignleft size-thumbnail wp-image-139170\" srcset=\"https:\/\/migracao.redenoticia.com.br\/noticia\/imagens\/onde-nascem-os-fortes-novela-globo-resumo-150x112.jpg 150w, https:\/\/migracao.redenoticia.com.br\/noticia\/imagens\/onde-nascem-os-fortes-novela-globo-resumo-265x198.jpg 265w\" sizes=\"auto, (max-width: 150px) 100vw, 150px\" \/><strong><em>Novela &#8220;Onde Nascem os Fortes&#8221;<\/em><\/strong> personagens e elenco: &#8220;Onde Nascem os Fortes&#8221; \u00e9 uma supers\u00e9rie que retrata a for\u00e7a das pessoas que vivem na regi\u00e3o de Sert\u00e3o, cidade fict\u00edcia da trama. Com amor, dedica\u00e7\u00e3o e coragem, C\u00e1ssia, personagem de Patricia Pillar em &#8220;Onde Nascem os Fortes&#8221;, criou sozinha os filhos g\u00eameos, Nonato (Marco Pigossi) e Maria (Alice Wegmann). M\u00e3e protetora, ela sempre se preocupou com o comportamento destemido dos dois, que vivem em Recife, onde ela trabalha em uma esta\u00e7\u00e3o de tratamento de \u00e1guas.<\/p>\n<p>E \u00e9 justamente o lado aventureiro dos filhos que d\u00e1 in\u00edcio a um per\u00edodo de reviravoltas em sua vida. Nonato decide praticar mountain bike com a irm\u00e3 em Sert\u00e3o &#8211; cidade natal da engenheira qu\u00edmica &#8211; e desaparece depois de uma briga de bar. Sem pisar naquelas terras h\u00e1 mais de 20 anos, C\u00e1ssia precisar\u00e1 retornar quando souber da not\u00edcia e, consequentemente, ter\u00e1 que encarar seus medos mais \u00edntimos, desconhecidos por todos.<\/p>\n<p>Confira os principais personagens e elenco de trama &#8220;Onde Nascem os Fortes&#8221;:<\/p>\n<p>Alice Wegmann &#8211; Maria Ferreira da Silva<br \/>\nGabriel Leone &#8211; Hermano Gouveia<br \/>\nPatr\u00edcia Pillar &#8211; C\u00e1ssia Ferreira da Silva<br \/>\nAlexandre Nero &#8211; Pedro Gouveia<br \/>\nF\u00e1bio Assun\u00e7\u00e3o &#8211; Ramiro Curi\u00f3<br \/>\nD\u00e9bora Bloch &#8211; Rosinete Gouveia<br \/>\nIrandhir Santos &#8211; Samir<br \/>\nEnrique D\u00edaz &#8211; Pl\u00ednio<br \/>\nLee Taylor &#8211; Simpl\u00edcio<br \/>\nCarla Salle &#8211; Valqu\u00edria<br \/>\nMaeve Jinkings &#8211; Joana<br \/>\nCamila M\u00e1rdila &#8211; Aldina<br \/>\nJos\u00e9 Dumont &#8211; Sebasti\u00e3o (Ti\u00e3o das Cacimbas)[4]<br \/>\nLara Tremouroux &#8211; Aurora Gouveia<br \/>\nDemick Lopes &#8211; Mudinho<br \/>\nAnt\u00f4nio F\u00e1bio &#8211; Orlando<br \/>\n\u00canio Cavalcante &#8211; Toinho<br \/>\nErivaldo Oliveira &#8211; Adenilson<br \/>\nRavel Andrade &#8211; Cl\u00e9cio<br \/>\nClarissa Pinheiro &#8211; Gilv\u00e2nia<br \/>\nMarcos de Andrade &#8211; Agripino Gog\u00f3<br \/>\nRodrigo Garc\u00eda &#8211; Jurandir<br \/>\nBruno Goya &#8211; Orestes<br \/>\nNanego Lira &#8211; Adauto<br \/>\nGiordano Castro &#8211; Macedo<br \/>\nIgor Medeiros &#8211; Fabr\u00edcio<br \/>\nMaycon Douglas &#8211; Ariel<br \/>\nM\u00e1rio Cabral &#8211; Jonathan<br \/>\nPedro Fasanaro &#8211; Valdir<br \/>\nPedro Wagner &#8211; Dami\u00e3o<br \/>\nQuit\u00e9ria Kelly &#8211; Umbelina<br \/>\nRaquel Ferreira &#8211; Ivonete<br \/>\nArilson Lopes &#8211; Clementino<br \/>\nFernanda Marques &#8211; Selma<\/p>\n<p>Participa\u00e7\u00f5es especiais<br \/>\nMarco Pigossi &#8211; Nonato Ferreira da Silva<br \/>\nJesu\u00edta Barbosa &#8211; Ramirinho Curi\u00f3 Jr \/ Shakira do Sert\u00e3o<br \/>\nTitina Medeiros &#8211; Beth\u00e2nia<br \/>\nMariana Molina &#8211; Madalena <\/p>\n<p>&#8220;Onde Nascem os Fortes&#8221; \u00e9 uma supers\u00e9rie de George Moura e Sergio Goldenberg, com dire\u00e7\u00e3o art\u00edstica de Jos\u00e9 Luiz Villamarim. Escrita com a colabora\u00e7\u00e3o de Flavio Araujo, Mariana Mesquita e Claudia Jouvin, a obra tem ainda dire\u00e7\u00e3o de Walter Carvalho e Isabella Teixeira. A dire\u00e7\u00e3o geral \u00e9 de Luisa Lima. A estreia est\u00e1 prevista para o dia 23 de abril.<\/p>\n<p>Fonte &#8220;Onde Nascem os Fortes&#8221; &#8211; Rede Globo <\/p>\n","protected":false},"excerpt":{"rendered":"<p>Novela &#8220;Onde Nascem os Fortes&#8221; personagens e elenco: &#8220;Onde Nascem os Fortes&#8221; \u00e9 uma supers\u00e9rie que retrata a for\u00e7a das pessoas que vivem na regi\u00e3o de Sert\u00e3o, cidade fict\u00edcia da trama. Com amor, dedica\u00e7\u00e3o e coragem, C\u00e1ssia, personagem de Patricia Pillar em &#8220;Onde Nascem os Fortes&#8221;, criou sozinha os filhos g\u00eameos, Nonato (Marco Pigossi) e [&hellip;]<\/p>\n","protected":false},"author":2,"featured_media":139170,"comment_status":"open","ping_status":"closed","sticky":false,"template":"","format":"standard","meta":{"tdm_status":"","tdm_grid_status":"","footnotes":""},"categories":[379,468,375,343],"tags":[440],"class_list":{"0":"post-139169","1":"post","2":"type-post","3":"status-publish","4":"format-standard","5":"has-post-thumbnail","7":"category-novelas","8":"category-onde-nascem-os-fortes","9":"category-rede-globo","10":"category-televisao","11":"tag-noticia-novela"},"_links":{"self":[{"href":"https:\/\/migracao.redenoticia.com.br\/noticia\/wp-json\/wp\/v2\/posts\/139169","targetHints":{"allow":["GET"]}}],"collection":[{"href":"https:\/\/migracao.redenoticia.com.br\/noticia\/wp-json\/wp\/v2\/posts"}],"about":[{"href":"https:\/\/migracao.redenoticia.com.br\/noticia\/wp-json\/wp\/v2\/types\/post"}],"author":[{"embeddable":true,"href":"https:\/\/migracao.redenoticia.com.br\/noticia\/wp-json\/wp\/v2\/users\/2"}],"replies":[{"embeddable":true,"href":"https:\/\/migracao.redenoticia.com.br\/noticia\/wp-json\/wp\/v2\/comments?post=139169"}],"version-history":[{"count":0,"href":"https:\/\/migracao.redenoticia.com.br\/noticia\/wp-json\/wp\/v2\/posts\/139169\/revisions"}],"wp:featuredmedia":[{"embeddable":true,"href":"https:\/\/migracao.redenoticia.com.br\/noticia\/wp-json\/wp\/v2\/media\/139170"}],"wp:attachment":[{"href":"https:\/\/migracao.redenoticia.com.br\/noticia\/wp-json\/wp\/v2\/media?parent=139169"}],"wp:term":[{"taxonomy":"category","embeddable":true,"href":"https:\/\/migracao.redenoticia.com.br\/noticia\/wp-json\/wp\/v2\/categories?post=139169"},{"taxonomy":"post_tag","embeddable":true,"href":"https:\/\/migracao.redenoticia.com.br\/noticia\/wp-json\/wp\/v2\/tags?post=139169"}],"curies":[{"name":"wp","href":"https:\/\/api.w.org\/{rel}","templated":true}]}}