{"id":139207,"date":"2018-04-21T19:38:08","date_gmt":"2018-04-21T22:38:08","guid":{"rendered":"https:\/\/www.redenoticia.com.br\/noticia\/?p=139207"},"modified":"2018-04-21T19:38:18","modified_gmt":"2018-04-21T22:38:18","slug":"novela-onde-nascem-os-fortes-conheca-a-historia-de-cassia-pedro-e-ramiro","status":"publish","type":"post","link":"https:\/\/migracao.redenoticia.com.br\/noticia\/2018\/novela-onde-nascem-os-fortes-conheca-a-historia-de-cassia-pedro-e-ramiro\/139207","title":{"rendered":"Novela &#8220;Onde Nascem os Fortes&#8221;: conhe\u00e7a a hist\u00f3ria de C\u00e1ssia, Pedro e Ramiro"},"content":{"rendered":"<p> <img loading=\"lazy\" decoding=\"async\" src=\"https:\/\/migracao.redenoticia.com.br\/noticia\/imagens\/onde-nascem-os-fortes-novela-globo-resumo-150x112.jpg\" alt=\"\" width=\"150\" height=\"112\" class=\"alignleft size-thumbnail wp-image-139170\" srcset=\"https:\/\/migracao.redenoticia.com.br\/noticia\/imagens\/onde-nascem-os-fortes-novela-globo-resumo-150x112.jpg 150w, https:\/\/migracao.redenoticia.com.br\/noticia\/imagens\/onde-nascem-os-fortes-novela-globo-resumo-265x198.jpg 265w\" sizes=\"auto, (max-width: 150px) 100vw, 150px\" \/><strong><em>Novela &#8220;Onde Nascem os Fortes&#8221;<\/em><\/strong> sinopse: na trama, Patricia Pillar ser\u00e1 C\u00e1ssia, uma engenheira qu\u00edmica que precisa voltar a Sert\u00e3o, cidade fict\u00edcia onde se passa a supers\u00e9rie das 11, &#8220;Onde Nascem os Fortes&#8221;. Seu retorno se d\u00e1 ap\u00f3s o sumi\u00e7o de Nonato (Marco Pigossi), seu filho. E \u00e9 neste lugar que ela conhece Pedro Gouveia (Alexandre Nero), um empres\u00e1rio vision\u00e1rio conhecido como &#8220;Rei de Sert\u00e3o&#8221;. Mas C\u00e1ssia n\u00e3o imagina que esse homem pode ser o respons\u00e1vel pelo desaparecimento do rapaz. Na cidade, ela tamb\u00e9m encontra o juiz Ramiro (F\u00e1bio Assun\u00e7\u00e3o), um homem que aproveita sua proximidade para tamb\u00e9m atingir Pedro, seu grande rival.<\/p>\n<p>Sinopse &#8220;Onde Nascem os Fortes&#8221;<\/p>\n<p>Maria (Alice Wegmann), uma jovem aventureira que tenta descobrir a qualquer custo o paradeiro do irm\u00e3o g\u00eameo, Nonato (Marco Pigossi), desaparecido misteriosamente ap\u00f3s flertar com a sedutora Joana (Maeve Jinkings), funcion\u00e1ria e amante do empres\u00e1rio Pedro Gouveia (Alexandre Nero), tamb\u00e9m conhecido como &#8220;Rei de Sert\u00e3o&#8221;. A obra \u00e9 assinada por George Moura e Sergio Goldenberg e tem dire\u00e7\u00e3o art\u00edstica de Jos\u00e9 Luiz Villamarim.<\/p>\n<p>Na supers\u00e9rie &#8220;Onde Nascem os Fortes&#8221;, Maria e Nonato viajam para a cidade de Sert\u00e3o, terra natal de sua m\u00e3e, a engenheira qu\u00edmica C\u00e1ssia (Patricia Pillar), em busca de novas trilhas de bicicleta. L\u00e1, Maria se apaixona perdidamente pelo jovem empres\u00e1rio e paleont\u00f3logo Hermano (Gabriel Leone), filho de Rosinete (Debora Bloch) e Pedro Gouveia.<\/p>\n<p>Desconfiada de que Pedro possa estar envolvido no sumi\u00e7o do irm\u00e3o, Maria se afasta de Hermano e declara guerra ao poderoso e influente empres\u00e1rio, que, por sua vez, n\u00e3o medir\u00e1 esfor\u00e7os para proteger sua reputa\u00e7\u00e3o. O embate faz com que C\u00e1ssia retorne \u00e0 cidade depois de muitos anos e tenha o apoio de Ramiro (F\u00e1bio Assun\u00e7\u00e3o) &#8211; um juiz de Direito e inimigo de Pedro -, que tem interesses escusos por tr\u00e1s deste suposto altru\u00edsmo.<\/p>\n<p>Um retrato do Brasil<\/p>\n<p>Essa batalha interrompe de forma abrupta romances, altera destinos e faz com que segredos de fam\u00edlia guardados h\u00e1 anos sejam desenterrados.<\/p>\n<p>&#8220;Partimos das bases cl\u00e1ssicas do folhetim, mas com desdobramentos que s\u00e3o um retrato do Brasil de hoje, com todas as suas contradi\u00e7\u00f5es&#8221;, explica Villamarim.<\/p>\n<p>\u201cUma maneira de entender quem somos, como pessoa e como na\u00e7\u00e3o, \u00e9 investigar de onde viemos, mesmo que as nossas origens n\u00e3o confirmem quem sonhamos ser\u201d, diz Moura.<\/p>\n<p>Para Goldenberg, a partir do enredo amoroso, \u201cse estabelece uma guerra que deixa mortos e feridos, numa luta por princ\u00edpios e vis\u00f5es de mundo antag\u00f4nicas&#8221;.<\/p>\n<p>&#8220;Onde Nascem os Fortes&#8221; \u00e9 uma supers\u00e9rie de George Moura e Sergio Goldenberg, com dire\u00e7\u00e3o art\u00edstica de Jos\u00e9 Luiz Villamarim. Escrita com a colabora\u00e7\u00e3o de Flavio Araujo, Mariana Mesquita e Claudia Jouvin, a obra tem ainda dire\u00e7\u00e3o de Walter Carvalho e Isabella Teixeira. A dire\u00e7\u00e3o geral \u00e9 de Luisa Lima. A estreia est\u00e1 prevista para o dia 23 de abril.<\/p>\n<p>Fonte &#8220;Onde Nascem os Fortes&#8221; &#8211; Rede Globo<\/p>\n","protected":false},"excerpt":{"rendered":"<p>Novela &#8220;Onde Nascem os Fortes&#8221; sinopse: na trama, Patricia Pillar ser\u00e1 C\u00e1ssia, uma engenheira qu\u00edmica que precisa voltar a Sert\u00e3o, cidade fict\u00edcia onde se passa a supers\u00e9rie das 11, &#8220;Onde Nascem os Fortes&#8221;. Seu retorno se d\u00e1 ap\u00f3s o sumi\u00e7o de Nonato (Marco Pigossi), seu filho. E \u00e9 neste lugar que ela conhece Pedro Gouveia [&hellip;]<\/p>\n","protected":false},"author":2,"featured_media":139170,"comment_status":"open","ping_status":"closed","sticky":false,"template":"","format":"standard","meta":{"tdm_status":"","tdm_grid_status":"","footnotes":""},"categories":[379,468,375,343],"tags":[440],"class_list":{"0":"post-139207","1":"post","2":"type-post","3":"status-publish","4":"format-standard","5":"has-post-thumbnail","7":"category-novelas","8":"category-onde-nascem-os-fortes","9":"category-rede-globo","10":"category-televisao","11":"tag-noticia-novela"},"_links":{"self":[{"href":"https:\/\/migracao.redenoticia.com.br\/noticia\/wp-json\/wp\/v2\/posts\/139207","targetHints":{"allow":["GET"]}}],"collection":[{"href":"https:\/\/migracao.redenoticia.com.br\/noticia\/wp-json\/wp\/v2\/posts"}],"about":[{"href":"https:\/\/migracao.redenoticia.com.br\/noticia\/wp-json\/wp\/v2\/types\/post"}],"author":[{"embeddable":true,"href":"https:\/\/migracao.redenoticia.com.br\/noticia\/wp-json\/wp\/v2\/users\/2"}],"replies":[{"embeddable":true,"href":"https:\/\/migracao.redenoticia.com.br\/noticia\/wp-json\/wp\/v2\/comments?post=139207"}],"version-history":[{"count":0,"href":"https:\/\/migracao.redenoticia.com.br\/noticia\/wp-json\/wp\/v2\/posts\/139207\/revisions"}],"wp:featuredmedia":[{"embeddable":true,"href":"https:\/\/migracao.redenoticia.com.br\/noticia\/wp-json\/wp\/v2\/media\/139170"}],"wp:attachment":[{"href":"https:\/\/migracao.redenoticia.com.br\/noticia\/wp-json\/wp\/v2\/media?parent=139207"}],"wp:term":[{"taxonomy":"category","embeddable":true,"href":"https:\/\/migracao.redenoticia.com.br\/noticia\/wp-json\/wp\/v2\/categories?post=139207"},{"taxonomy":"post_tag","embeddable":true,"href":"https:\/\/migracao.redenoticia.com.br\/noticia\/wp-json\/wp\/v2\/tags?post=139207"}],"curies":[{"name":"wp","href":"https:\/\/api.w.org\/{rel}","templated":true}]}}