{"id":1395,"date":"2009-05-08T15:09:09","date_gmt":"2009-05-08T19:09:09","guid":{"rendered":"http:\/\/www.redenoticia.com.br\/noticia\/?p=1395"},"modified":"2009-05-08T15:09:09","modified_gmt":"2009-05-08T19:09:09","slug":"ocorrencias-de-casos-humanos-de-influenza-a-h1n1","status":"publish","type":"post","link":"https:\/\/migracao.redenoticia.com.br\/noticia\/2009\/ocorrencias-de-casos-humanos-de-influenza-a-h1n1\/1395","title":{"rendered":"Ocorr\u00eancias de casos humanos de influenza A (H1N1"},"content":{"rendered":"<p align=\"center\"><span style=\"font-size: small;\"><strong><span>Sexta-feira, 8\/5\/2009, \u00e0s\u00a0<span style=\"text-decoration: underline;\">15h<\/span><\/span><\/strong><\/span><\/p>\n<p><strong><span><span>1.<span>\u00a0\u00a0\u00a0\u00a0\u00a0\u00a0<\/span><\/span><\/span><\/strong><span>O Minist\u00e9rio da Sa\u00fade acompanha\u00a0<strong><span style=\"text-decoration: underline;\">30\u00a0<strong><span>CASOS SUSPEITOS<\/span><\/strong><\/span><\/strong><strong><span>\u00a0de Influenza A (H1N1) no pa\u00eds. As amostras com secre\u00e7\u00f5es respirat\u00f3rias desses pacientes est\u00e3o em an\u00e1lise laboratorial. Parte dos resultados pode sair ainda nesta sexta-feira.<\/span><\/strong><strong><\/strong><\/span><\/p>\n<p><strong><span>\u00a0<\/span><\/strong><\/p>\n<p><span><span>2.<span>\u00a0\u00a0\u00a0\u00a0\u00a0\u00a0<\/span><\/span><\/span><strong><span>Os casos suspeitos est\u00e3o nos\u00a0<\/span><\/strong><span>estados de S\u00e3o Paulo (10), Rio de Janeiro (5), Minas Gerais (3), Paran\u00e1 (3), Distrito Federal (2), Goi\u00e1s (2), Santa Catarina (2), Mato Grosso do Sul (1), Pernambuco (1) e Rond\u00f4nia (1).<\/span><\/p>\n<p><span>\u00a0<\/span><\/p>\n<p><span><span>3.<span>\u00a0\u00a0\u00a0\u00a0\u00a0\u00a0<\/span><\/span><\/span><span>Al\u00e9m disso,\u00a0<strong>18<strong><span>\u00a0casos<\/span><\/strong><\/strong>\u00a0<strong><span>est\u00e3o\u00a0<span style=\"text-decoration: underline;\">EM MONITORAMENTO<\/span>, em sete estados; e chegou a 113 o n\u00famero de casos\u00a0<span style=\"text-decoration: underline;\">DESCARTADOS<\/span><\/span><\/strong>\u00a0(<em><span>veja tabela abaixo)<\/span><\/em>. Os n\u00fameros referem-se a informa\u00e7\u00f5es repassadas pelas Secretarias Estaduais de Sa\u00fade at\u00e9 as 12h30 desta sexta-feira.<\/span><\/p>\n<p><span>\u00a0<\/span><\/p>\n<p><span><span>4.<span>\u00a0\u00a0\u00a0\u00a0\u00a0\u00a0<\/span><\/span><\/span><span>At\u00e9 ontem (7\/5), havia 20 casos em monitoramento, 24 suspeitos e 110 descartados.<\/span><\/p>\n<p><span>\u00a0<\/span><\/p>\n<p align=\"center\"><img loading=\"lazy\" decoding=\"async\" src=\"http:\/\/mail.google.com\/mail\/?ui=2&amp;ik=2ca88d5ea9&amp;view=att&amp;th=1212161f26999ada&amp;attid=0.2&amp;disp=emb&amp;zw\" alt=\"\" width=\"478\" height=\"385\" \/><\/p>\n<p align=\"center\"><span style=\"font-family: 'Times New Roman'; font-size: small;\">\u00a0<\/span><\/p>\n<p align=\"center\"><span><span style=\"font-size: small;\"><span style=\"font-family: 'Times New Roman';\"><img loading=\"lazy\" decoding=\"async\" src=\"http:\/\/mail.google.com\/mail\/?ui=2&amp;ik=2ca88d5ea9&amp;view=att&amp;th=1212161f26999ada&amp;attid=0.3&amp;disp=emb&amp;zw\" alt=\"\" width=\"472\" height=\"127\" \/><img loading=\"lazy\" decoding=\"async\" src=\"http:\/\/mail.google.com\/mail\/?ui=2&amp;ik=2ca88d5ea9&amp;view=att&amp;th=1212161f26999ada&amp;attid=0.4&amp;disp=emb&amp;zw\" alt=\"\" width=\"470\" height=\"81\" \/><\/span><\/span><\/span><\/p>\n<p align=\"center\"><span>\u00a0<\/span><\/p>\n<p align=\"center\"><span>\u00a0<\/span><\/p>\n<p align=\"center\"><span>\u00a0<\/span><\/p>\n<ol type=\"1\">\n<li><span>No in\u00edcio da noite desta quinta-feira, em entrevista coletiva, o ministro da Sa\u00fade, Jos\u00e9 Gomes Tempor\u00e3o, anunciou os primeiros\u00a0<strong><span style=\"text-decoration: underline;\">4 CASOS CONFIRMADOS<\/span><\/strong>\u00a0de Influenza A (H1N1) no Brasil. S\u00e3o dois pacientes de S\u00e3o Paulo, um do Rio de Janeiro e um de Minas Gerais. Todos contra\u00edram o v\u00edrus no exterior. Dos quatro pacientes, apenas um permanece internado \u2013 o do Rio de Janeiro. Todos passam bem.<\/span><\/li>\n<\/ol>\n<p><span>\u00a0<\/span><\/p>\n<ol type=\"1\">\n<li><span>As amostras dos pacientes considerados suspeitos est\u00e3o sendo analisadas nos laborat\u00f3rios da Funda\u00e7\u00e3o Oswaldo Cruz, no Rio de Janeiro, e do Instituto Adolf Lutz, em S\u00e3o Paulo.<\/span><\/li>\n<\/ol>\n<p><span>\u00a0<\/span><\/p>\n<ol type=\"1\">\n<li><span>O Minist\u00e9rio da Sa\u00fade continua aguardando o recebimento dos kits que ser\u00e3o enviados para o Instituto Evandro Chagas, em Bel\u00e9m (PA).<\/span><\/li>\n<\/ol>\n<p><span>\u00a0<\/span><\/p>\n<ol type=\"1\">\n<li><span>Esses s\u00e3o os tr\u00eas laborat\u00f3rios de refer\u00eancia do Minist\u00e9rio da Sa\u00fade para a realiza\u00e7\u00e3o dos exames que v\u00e3o confirmar ou descartar casos de Influenza A (H1N1) no pa\u00eds.<\/span><\/li>\n<\/ol>\n<p><span>\u00a0<\/span><\/p>\n<ol type=\"1\">\n<li><strong><span>S\u00e3o considerados\u00a0<\/span><\/strong><strong><span style=\"text-decoration: underline;\"><span>CASOS SUSPEITOS:<\/span><\/span><\/strong><strong><\/strong><\/li>\n<\/ol>\n<p><span><br \/>\n<strong><span>a)\u00a0<\/span><\/strong>Pessoa que apresentar febre alta de maneira repentina (acima de 38\u00baC)\u00a0<strong><span style=\"text-decoration: underline;\"><span>E<\/span><\/span><\/strong><strong><span>\u00a0<\/span><\/strong>tosse, podendo estar acompanhadas de algum dos seguintes sintomas: dor de cabe\u00e7a, dores musculares e nas articula\u00e7\u00f5es, dificuldade respirat\u00f3ria;<\/span><\/p>\n<p><span><br \/>\n<strong><span style=\"text-decoration: underline;\"><span>E<\/span><\/span><\/strong><span style=\"text-decoration: underline;\">\u00a0<br \/>\n<\/span><br \/>\nTer apresentado sintomas at\u00e9 10 dias ap\u00f3s sair de pa\u00edses que reportaram\u00a0<br \/>\ncasos pela Influenza A (H1N1);<\/span><\/p>\n<p><span>\u00a0<\/span><\/p>\n<p><strong><span style=\"text-decoration: underline;\"><span>OU<\/span><\/span><\/strong><\/p>\n<p><strong><span style=\"text-decoration: underline;\"><span><span>\u00a0<\/span><\/span><\/span><\/strong><\/p>\n<p><span>Ter tido contato pr\u00f3ximo*, nos \u00faltimos 10 dias, com uma pessoa classificada\u00a0<br \/>\ncomo caso suspeito de infec\u00e7\u00e3o humana pelo novo subtipo de Influenza\u00a0<br \/>\nA (H1N1).<\/span><\/p>\n<p><span>\u00a0<\/span><\/p>\n<p><span>* Para o Minist\u00e9rio da Sa\u00fade, contato pr\u00f3ximo \u00e9 a pessoa que cuida, convive ou teve contato direto com secre\u00e7\u00f5es respirat\u00f3rias ou fluidos corporais de um caso suspeito.<\/span><\/p>\n<p><span>\u00a0<\/span><\/p>\n<p><span>\u00a0<\/span><\/p>\n<p><span>\u00a0<\/span><\/p>\n<ol type=\"1\">\n<li><strong><span>S\u00e3o considerados casos\u00a0<\/span><\/strong><strong><span style=\"text-decoration: underline;\"><span>EM MONITORAMENTO<\/span><\/span><\/strong><strong><span>:<\/span><\/strong><\/li>\n<\/ol>\n<p><span><br \/>\n<strong><span>a)<\/span><\/strong>\u00a0Pessoas procedentes de pa\u00eds(es) afetado(s), com febre n\u00e3o medida\u00a0<strong><span style=\"text-decoration: underline;\">E<\/span><\/strong>\u00a0tosse, podendo ou n\u00e3o estar acompanhada dos demais sintomas referidos na defini\u00e7\u00e3o de caso suspeito;<\/span><\/p>\n<p><strong><span>\u00a0<\/span><\/strong><\/p>\n<p><strong><span>OU<\/span><\/strong><\/p>\n<p><strong><span>\u00a0<\/span><\/strong><\/p>\n<p><strong><span>b)<\/span><\/strong><span>\u00a0Viajantes procedentes de voos internacionais, nos \u00faltimos 10 dias, de pa\u00eds(es) n\u00e3o\u00a0<br \/>\nafetado(s)<strong><span>\u00a0<span style=\"text-decoration: underline;\">E<\/span><\/span><\/strong>\u00a0apresentando os sintomas de acordo com defini\u00e7\u00e3o de caso suspeito.<\/span><\/p>\n<p><span>\u00a0<\/span><\/p>\n<ol type=\"1\">\n<li><span>S\u00e3o considerados pa\u00edses afetados aqueles com casos confirmados e divulgados pelos governos ou pela Organiza\u00e7\u00e3o Mundial de sa\u00fade (OMS). At\u00e9 a divulga\u00e7\u00e3o deste boletim, a OMS reconhecia a exist\u00eancia de casos suspeitos em 24 pa\u00edses: M\u00e9xico, Estados Unidos, Canad\u00e1, Espanha, Reino Unido, Alemanha, Nova Zel\u00e2ndia, Israel, Fran\u00e7a, It\u00e1lia, El Salvador, \u00c1ustria, China (Hong-Kong), Costa Rica, Dinamarca, Holanda, Irlanda, Su\u00ed\u00e7a, Col\u00f4mbia, Cor\u00e9ia do Sul, Portugal, Guatemala, Su\u00e9cia e Pol\u00f4nia.<\/span><\/li>\n<\/ol>\n<p><span>\u00a0<\/span><\/p>\n<ol type=\"1\">\n<li><span>A recomenda\u00e7\u00e3o para as pessoas que sentem algum dos sintomas e que passaram por pa\u00edses afetados pela influenza A (H1N1) \u00e9 procurar um servi\u00e7o p\u00fablico de sa\u00fade imediatamente. Existem, no pa\u00eds, 52 hospitais de refer\u00eancia (ao menos um por estado) para atendimento de eventuais casos que precisem ser monitorados.<\/span><\/li>\n<\/ol>\n<p><span>\u00a0<\/span><\/p>\n<ol type=\"1\">\n<li><span>O Minist\u00e9rio da Sa\u00fade\u00a0<strong><span style=\"text-decoration: underline;\"><span>N\u00c3O RECOMENDA<\/span><\/span><\/strong>\u00a0que a popula\u00e7\u00e3o tome medicamentos por conta pr\u00f3pria. A automedica\u00e7\u00e3o pode mascarar ou atenuar sintomas, al\u00e9m de provocar resist\u00eancia ao medicamento espec\u00edfico para influenza.<\/span><\/li>\n<\/ol>\n","protected":false},"excerpt":{"rendered":"<p>Sexta-feira, 8\/5\/2009, \u00e0s\u00a015h 1.\u00a0\u00a0\u00a0\u00a0\u00a0\u00a0O Minist\u00e9rio da Sa\u00fade acompanha\u00a030\u00a0CASOS SUSPEITOS\u00a0de Influenza A (H1N1) no pa\u00eds. As amostras com secre\u00e7\u00f5es respirat\u00f3rias desses pacientes est\u00e3o em an\u00e1lise laboratorial. Parte dos resultados pode sair ainda nesta sexta-feira. \u00a0 2.\u00a0\u00a0\u00a0\u00a0\u00a0\u00a0Os casos suspeitos est\u00e3o nos\u00a0estados de S\u00e3o Paulo (10), Rio de Janeiro (5), Minas Gerais (3), Paran\u00e1 (3), Distrito Federal (2), [&hellip;]<\/p>\n","protected":false},"author":2,"featured_media":0,"comment_status":"open","ping_status":"open","sticky":false,"template":"","format":"standard","meta":{"tdm_status":"","tdm_grid_status":"","footnotes":""},"categories":[5],"tags":[],"class_list":{"0":"post-1395","1":"post","2":"type-post","3":"status-publish","4":"format-standard","6":"category-saude-e-vida"},"_links":{"self":[{"href":"https:\/\/migracao.redenoticia.com.br\/noticia\/wp-json\/wp\/v2\/posts\/1395","targetHints":{"allow":["GET"]}}],"collection":[{"href":"https:\/\/migracao.redenoticia.com.br\/noticia\/wp-json\/wp\/v2\/posts"}],"about":[{"href":"https:\/\/migracao.redenoticia.com.br\/noticia\/wp-json\/wp\/v2\/types\/post"}],"author":[{"embeddable":true,"href":"https:\/\/migracao.redenoticia.com.br\/noticia\/wp-json\/wp\/v2\/users\/2"}],"replies":[{"embeddable":true,"href":"https:\/\/migracao.redenoticia.com.br\/noticia\/wp-json\/wp\/v2\/comments?post=1395"}],"version-history":[{"count":0,"href":"https:\/\/migracao.redenoticia.com.br\/noticia\/wp-json\/wp\/v2\/posts\/1395\/revisions"}],"wp:attachment":[{"href":"https:\/\/migracao.redenoticia.com.br\/noticia\/wp-json\/wp\/v2\/media?parent=1395"}],"wp:term":[{"taxonomy":"category","embeddable":true,"href":"https:\/\/migracao.redenoticia.com.br\/noticia\/wp-json\/wp\/v2\/categories?post=1395"},{"taxonomy":"post_tag","embeddable":true,"href":"https:\/\/migracao.redenoticia.com.br\/noticia\/wp-json\/wp\/v2\/tags?post=1395"}],"curies":[{"name":"wp","href":"https:\/\/api.w.org\/{rel}","templated":true}]}}