{"id":139537,"date":"2018-04-16T00:54:11","date_gmt":"2018-04-16T03:54:11","guid":{"rendered":"https:\/\/www.redenoticia.com.br\/noticia\/?p=139537"},"modified":"2018-04-16T00:54:11","modified_gmt":"2018-04-16T03:54:11","slug":"estacoes-do-metro-sp-promovem-vacinacao-contra-febre-amarela","status":"publish","type":"post","link":"https:\/\/migracao.redenoticia.com.br\/noticia\/2018\/estacoes-do-metro-sp-promovem-vacinacao-contra-febre-amarela\/139537","title":{"rendered":"Esta\u00e7\u00f5es do Metr\u00f4 SP promovem vacina\u00e7\u00e3o contra febre amarela"},"content":{"rendered":"<p> A partir desta segunda-feira (16), das 10h \u00e0s 18h, o usu\u00e1rio do Metr\u00f4 que ainda n\u00e3o se vacinou contra a <strong><em>febre amarela<\/em><\/strong> poder\u00e1 receber a imuniza\u00e7\u00e3o em diversas esta\u00e7\u00f5es pela cidade. A iniciativa \u00e9 da Secretaria Municipal da Sa\u00fade (SMS), com o apoio da Companhia do Metropolitano.<\/p>\n<p>Para receber a dose, \u00e9 preciso levar documento de identifica\u00e7\u00e3o. Vale lembrar que \u00e9 necess\u00e1rio aguardar ao menos 10 dias ap\u00f3s receber a dose para frequentar \u00e1reas consideradas de risco para transmiss\u00e3o da doen\u00e7a.<\/p>\n<p>A vacina n\u00e3o \u00e9 indicada para crian\u00e7as menores de 9 meses de idade, gestantes, mulheres amamentando crian\u00e7as com at\u00e9 6 meses e pacientes com imunodepress\u00e3o de qualquer natureza, com neoplasia (c\u00e2ncer), com HIV, em tratamento com drogas imunossupressoras (corticosteroides, quimioterapia, radioterapia, imunomoduladores) e submetidos a transplante de \u00f3rg\u00e3os.<\/p>\n<p>Em caso de d\u00favida, \u00e9 importante consultar o m\u00e9dico antes de se vacinar.<\/p>\n<p>Confira as esta\u00e7\u00f5es, datas e hor\u00e1rios da vacina\u00e7\u00e3o, onde as equipes da \u00e1rea da Sa\u00fade far\u00e3o os atendimentos:<\/p>\n<p>S\u00e9:\u00a0Dia 16\/04, das 10 \u00e0s 18h<br \/>\nCl\u00ednicas:\u00a0Dias 16 e 18\/04, das 10 \u00e0s 18h<br \/>\nVila Prudente:\u00a0Dias 16, 18 e 19\/04, das 10 \u00e0s 18h<br \/>\nSacom\u00e3:\u00a0Dias 16, 18 e 19\/04, das 10 \u00e0s 18h<br \/>\nPenha:\u00a0Dias 16, 18 e 19\/04, das 10 \u00e0s 18h<br \/>\nTatuap\u00e9:\u00a0Dias 16, 18 e 19\/04, das 10 \u00e0s 18h<br \/>\nAna Rosa:\u00a0Dias 16, 18 e 19\/04, das 10 \u00e0s 18h<br \/>\nCampo Limpo:\u00a0Dias 16, 17, 18 e 19\/04, das 10 \u00e0s 18h<br \/>\nCap\u00e3o Redondo:\u00a0Dias 16, 17, 18 e 19\/04, das 10 \u00e0s 18h.<\/p>\n<p>Do Portal do Governo SP<\/p>\n","protected":false},"excerpt":{"rendered":"<p>A partir desta segunda-feira (16), das 10h \u00e0s 18h, o usu\u00e1rio do Metr\u00f4 que ainda n\u00e3o se vacinou contra a febre amarela poder\u00e1 receber a imuniza\u00e7\u00e3o em diversas esta\u00e7\u00f5es pela cidade. A iniciativa \u00e9 da Secretaria Municipal da Sa\u00fade (SMS), com o apoio da Companhia do Metropolitano. Para receber a dose, \u00e9 preciso levar documento [&hellip;]<\/p>\n","protected":false},"author":2,"featured_media":34747,"comment_status":"open","ping_status":"closed","sticky":false,"template":"","format":"standard","meta":{"tdm_status":"","tdm_grid_status":"","footnotes":""},"categories":[22,5],"tags":[],"class_list":{"0":"post-139537","1":"post","2":"type-post","3":"status-publish","4":"format-standard","5":"has-post-thumbnail","7":"category-brasil","8":"category-saude-e-vida"},"_links":{"self":[{"href":"https:\/\/migracao.redenoticia.com.br\/noticia\/wp-json\/wp\/v2\/posts\/139537","targetHints":{"allow":["GET"]}}],"collection":[{"href":"https:\/\/migracao.redenoticia.com.br\/noticia\/wp-json\/wp\/v2\/posts"}],"about":[{"href":"https:\/\/migracao.redenoticia.com.br\/noticia\/wp-json\/wp\/v2\/types\/post"}],"author":[{"embeddable":true,"href":"https:\/\/migracao.redenoticia.com.br\/noticia\/wp-json\/wp\/v2\/users\/2"}],"replies":[{"embeddable":true,"href":"https:\/\/migracao.redenoticia.com.br\/noticia\/wp-json\/wp\/v2\/comments?post=139537"}],"version-history":[{"count":0,"href":"https:\/\/migracao.redenoticia.com.br\/noticia\/wp-json\/wp\/v2\/posts\/139537\/revisions"}],"wp:featuredmedia":[{"embeddable":true,"href":"https:\/\/migracao.redenoticia.com.br\/noticia\/wp-json\/wp\/v2\/media\/34747"}],"wp:attachment":[{"href":"https:\/\/migracao.redenoticia.com.br\/noticia\/wp-json\/wp\/v2\/media?parent=139537"}],"wp:term":[{"taxonomy":"category","embeddable":true,"href":"https:\/\/migracao.redenoticia.com.br\/noticia\/wp-json\/wp\/v2\/categories?post=139537"},{"taxonomy":"post_tag","embeddable":true,"href":"https:\/\/migracao.redenoticia.com.br\/noticia\/wp-json\/wp\/v2\/tags?post=139537"}],"curies":[{"name":"wp","href":"https:\/\/api.w.org\/{rel}","templated":true}]}}