{"id":139593,"date":"2018-04-16T16:12:49","date_gmt":"2018-04-16T19:12:49","guid":{"rendered":"https:\/\/www.redenoticia.com.br\/noticia\/?p=139593"},"modified":"2018-04-16T16:26:15","modified_gmt":"2018-04-16T19:26:15","slug":"resumo-novela-chiquititas-17-04-junior-esquece-do-encontro-com-carol","status":"publish","type":"post","link":"https:\/\/migracao.redenoticia.com.br\/noticia\/2018\/resumo-novela-chiquititas-17-04-junior-esquece-do-encontro-com-carol\/139593","title":{"rendered":"Resumo novela \u201cChiquititas\u201d 17\/04: J\u00fanior esquece do encontro com Carol"},"content":{"rendered":"<p><img loading=\"lazy\" decoding=\"async\" class=\"alignleft size-thumbnail wp-image-49690\" src=\"https:\/\/migracao.redenoticia.com.br\/noticia\/imagens\/chiquititas1-150x112.jpg\" alt=\"chiquititas\" width=\"150\" height=\"112\" \/><strong><em>Resumo novela \u201cChiquititas\u201d 17\/04<\/em><\/strong>: no cap\u00edtulo 416(*) da novela \u201cChiquititas\u201d, resumo de ter\u00e7a-feira, 17 de abril, Mili, que ainda est\u00e1 cega, volta a morar no orfanato e conta que adorou o per\u00edodo que ficou na mans\u00e3o dos Almeida Campos, com Gabriela. Mili diz para Carol que decidiu voltar para deixar Gabriela mais \u00e0 vontade com Marian. Mais tarde, Carol conta para Beto que ir\u00e1 fazer um piquenique com Junior para comemorar o anivers\u00e1rio de namoro deles. Mili sonha que volta para a mans\u00e3o dos Almeida Campos e \u00e9 recebida por Gabriela, que diz ter sentido muito a falta dela. Andreia chama Junior para fazerem uma atividade junto com Diego. Junior vai at\u00e9 outra sala. Andreia v\u00ea uma mensagem no celular de Junior enviada por Carol lembrando o namorado de que ir\u00e3o fazer um piquenique. Andreia apaga a mensagem. Junior volta para a sala dele no Caf\u00e9 Boutique e Andreia insiste para sa\u00edrem com Diego. Junior aceita. Duda vai visitar sua namorada, Pata. Mosca diz para o garoto cuidar bem de sua irm\u00e3. Neco est\u00e1 preocupado com L\u00facia, que est\u00e1 doente. No parque, Carol arruma as coisas para o piquenique, mas estranha a demora do namorado. <\/p>\n<p>Carol avista Junior com Andreia e Diego e fica triste ao notar que Junior esqueceu do anivers\u00e1rio de namoro dos dois. Gabriela diz para Carmen que ir\u00e1 adotar Mili. Carmen acha tudo um absurdo e diz que Marian n\u00e3o ir\u00e1 gostar da not\u00edcia. Gabriela responde que ela dar\u00e1 um jeito e se preciso for se mudar\u00e1 com as duas. Bia est\u00e1 aflita por Juca n\u00e3o mandar nenhuma mensagem para ela. Cris sugere que Vivi v\u00e1 at\u00e9 o \u201cSamb\u00e3o\u201d falar com o pai, assim Bia pode ir junto e conversar com Juca, que tamb\u00e9m trabalha l\u00e1. Duda passeia com Pata pela comunidade, mas o garoto n\u00e3o se sente \u00e0 vontade por achar a regi\u00e3o perigosa. Pata tenta acalmar o namorado e diz que a comunidade n\u00e3o \u00e9 perigosa. Carol volta para o orfanato triste por Junior ter se esquecido do encontro deles. Chico conversa com a diretora do Raio de Luz e Dani se revolta com a atitude de Junior ao escutar sobre o ocorrido. <\/p>\n<p>Gabriela vai at\u00e9 o orfanato Raio de Luz falar com Mili e diz que sente saudade dela. Gabriela revela que gostaria de adot\u00e1-la como filha. Mili diz que fica feliz com a ideia, mas que seria complicado para as amigas do orfanato e at\u00e9 para Marian. Gabriela garante que Mili tem todo o tempo para pensar sobre a proposta, mas que gostaria que ela voltasse a morar na mans\u00e3o. Fernando vai at\u00e9 o Raio de Luz e diz que Carol n\u00e3o parece estar bem. Fernando garante que n\u00e3o quer ver Carol magoada e que Junior cometeu um grande erro ao esquecer o anivers\u00e1rio de namoro dos dois para ficar com a ex-namorada. Junior lembra que se esqueceu do anivers\u00e1rio de namoro e leva flores para Carol, que agradece, embora deixe claro que est\u00e1 magoada com o fato de ter visto Junior fazendo piquenique com Andreia. No \u201cSamb\u00e3o\u201d do C\u00edcero, Bia descobre que Juca n\u00e3o mandou mensagem por estar trabalhando demais para juntar dinheiro e assim levar ela para um lugar especial. Gabriela leva Mili at\u00e9 a mans\u00e3o dos Almeida Campos e anuncia que ir\u00e1 adotar a chiquitita. Marian finge ter ficado magoada ao pensar que Gabriela n\u00e3o gostou que ela \u00e9 sua filha.<\/p>\n<p>(*) edi\u00e7\u00e3o do SBT, Novela \u201cChiquititas\u201d, sujeito a altera\u00e7\u00e3o de data e conte\u00fado.<\/p>\n<p>Chiquititas gira em torno do orfanato Raio de Luz, que carrega em sua hist\u00f3ria um grande segredo envolvendo a fam\u00edlia e o dono do orfanato, Dr. Jos\u00e9 Ricardo Almeida Campos. Em um per\u00edodo anterior \u00e0 novela, exatos treze anos, sua filha Gabriela se apaixonou e ficou gr\u00e1vida de Miguel, filho de Valentina, empregada da casa dos Almeida Campos. Pouco depois, Jos\u00e9 Ricardo sequestrou sua neta, pois, como um homem conservador, ele n\u00e3o aceitava a ideia de que sua filha se envolvesse com um empregado. Como sua neta, Milena, apelidada como Mili, precisava de um lugar para morar, ele comprou um casar\u00e3o e fundou um orfanato, o Raio de Luz. Mili cresceu l\u00e1 com outras garotas que chegaram posteriormente: Bia, Ana, as irm\u00e3s Tati e Vivi, e Cris. Ao decorrer dos anos, elas se tornam uma fam\u00edlia. Elas s\u00e3o supervisionadas por Ernestina, zeladora do orfanato, e Chico, o cozinheiro amado pelas internas. Sofia, ex-governanta da fam\u00edlia Almeida Campos, \u00e9 a diretora do lugar, at\u00e9 que Carmem, irm\u00e3 de Jos\u00e9 Ricardo, entre em seu lugar. Chegam ainda mais \u00f3rf\u00e3os: Pata, Mosca, Binho e Rafa, que viviam nas ruas antes de entrarem na institui\u00e7\u00e3o. Pata e Mili tornam-se amigas rapidamente, enquanto Mosca, Binho e Rafa s\u00e3o os primeiros garotos a entrar no abrigo. As crian\u00e7as sem-teto foram ajudadas por uma doce e bela garota que tocam e mudam a vida delas, assim como as das garotas \u00f3rf\u00e3s.<\/p>\n","protected":false},"excerpt":{"rendered":"<p>Resumo novela \u201cChiquititas\u201d 17\/04: no cap\u00edtulo 416(*) da novela \u201cChiquititas\u201d, resumo de ter\u00e7a-feira, 17 de abril, Mili, que ainda est\u00e1 cega, volta a morar no orfanato e conta que adorou o per\u00edodo que ficou na mans\u00e3o dos Almeida Campos, com Gabriela. Mili diz para Carol que decidiu voltar para deixar Gabriela mais \u00e0 vontade com [&hellip;]<\/p>\n","protected":false},"author":4,"featured_media":49690,"comment_status":"open","ping_status":"closed","sticky":false,"template":"","format":"standard","meta":{"tdm_status":"","tdm_grid_status":"","footnotes":""},"categories":[409,379,372,343],"tags":[441],"class_list":{"0":"post-139593","1":"post","2":"type-post","3":"status-publish","4":"format-standard","5":"has-post-thumbnail","7":"category-chiquititas","8":"category-novelas","9":"category-sbt","10":"category-televisao","11":"tag-resumo-do-dia"},"_links":{"self":[{"href":"https:\/\/migracao.redenoticia.com.br\/noticia\/wp-json\/wp\/v2\/posts\/139593","targetHints":{"allow":["GET"]}}],"collection":[{"href":"https:\/\/migracao.redenoticia.com.br\/noticia\/wp-json\/wp\/v2\/posts"}],"about":[{"href":"https:\/\/migracao.redenoticia.com.br\/noticia\/wp-json\/wp\/v2\/types\/post"}],"author":[{"embeddable":true,"href":"https:\/\/migracao.redenoticia.com.br\/noticia\/wp-json\/wp\/v2\/users\/4"}],"replies":[{"embeddable":true,"href":"https:\/\/migracao.redenoticia.com.br\/noticia\/wp-json\/wp\/v2\/comments?post=139593"}],"version-history":[{"count":0,"href":"https:\/\/migracao.redenoticia.com.br\/noticia\/wp-json\/wp\/v2\/posts\/139593\/revisions"}],"wp:featuredmedia":[{"embeddable":true,"href":"https:\/\/migracao.redenoticia.com.br\/noticia\/wp-json\/wp\/v2\/media\/49690"}],"wp:attachment":[{"href":"https:\/\/migracao.redenoticia.com.br\/noticia\/wp-json\/wp\/v2\/media?parent=139593"}],"wp:term":[{"taxonomy":"category","embeddable":true,"href":"https:\/\/migracao.redenoticia.com.br\/noticia\/wp-json\/wp\/v2\/categories?post=139593"},{"taxonomy":"post_tag","embeddable":true,"href":"https:\/\/migracao.redenoticia.com.br\/noticia\/wp-json\/wp\/v2\/tags?post=139593"}],"curies":[{"name":"wp","href":"https:\/\/api.w.org\/{rel}","templated":true}]}}