{"id":13963,"date":"2009-10-12T23:50:55","date_gmt":"2009-10-13T03:50:55","guid":{"rendered":"http:\/\/www.redenoticia.com.br\/noticia\/?p=13963"},"modified":"2009-10-12T23:50:55","modified_gmt":"2009-10-13T03:50:55","slug":"climatempo-meteorologia-%e2%80%93-instabilidade-persiste-em-varias-regioes-do-brasil","status":"publish","type":"post","link":"https:\/\/migracao.redenoticia.com.br\/noticia\/2009\/climatempo-meteorologia-%e2%80%93-instabilidade-persiste-em-varias-regioes-do-brasil\/13963","title":{"rendered":"Climatempo Meteorologia \u2013 instabilidade persiste em v\u00e1rias regi\u00f5es do Brasil"},"content":{"rendered":"<p><strong><span style=\"font-weight: normal;\"><a href=\"https:\/\/migracao.redenoticia.com.br\/noticia\/imagens\/\/climatempo.jpg\"><img loading=\"lazy\" decoding=\"async\" class=\"alignleft size-full wp-image-10683\" title=\"climatempo\" src=\"https:\/\/migracao.redenoticia.com.br\/noticia\/imagens\/\/climatempo.jpg\" alt=\"climatempo\" width=\"150\" height=\"113\" srcset=\"https:\/\/migracao.redenoticia.com.br\/noticia\/imagens\/climatempo.jpg 150w, https:\/\/migracao.redenoticia.com.br\/noticia\/imagens\/climatempo-148x112.jpg 148w\" sizes=\"auto, (max-width: 150px) 100vw, 150px\" \/><\/a><\/span>Climatempo Meteorologia<\/strong> &#8211; Na ter\u00e7a-feira (<strong>13\/10<\/strong>), no <strong>Sudeste<\/strong> uma frente fria deixa o tempo chuvoso, com acentuada queda de temperatura, no sul do Rio de Janeiro e no sul e na faixa leste de S\u00e3o Paulo. Tempo firme, com sol e sem chuva no norte e no nordeste de Minas e no Esp\u00edrito Santo. Sol e chuva \u00e0 tarde no oeste paulista. As demais \u00e1reas do Sudeste ter\u00e3o um dia de sol e muitas nuvens com previs\u00e3o de pancadas de chuva, principalmente a partir da tarde. No <strong>Sul<\/strong>, uma frente fria deixa o tempo chuvoso no leste do Paran\u00e1 e no nordeste de Santa Catarina. No norte paranaense, o sol aparece com for\u00e7a, mas ocorrem pancadas isoladas de chuva \u00e0 tarde e \u00e0 noite. Uma massa de ar mais seco de origem polar predomina sobre as demais \u00e1reas da Regi\u00e3o Sul e deixa o tempo firme.<\/p>\n<p>Dados Climatempo indicam que no <strong>Nordeste<\/strong> o sol brilha forte, faz calor e n\u00e3o chove no centro-norte do Maranh\u00e3o, no norte do Piau\u00ed, no Cear\u00e1, no Rio Grande do Norte e em Pernambuco. O sol aparece entre muitas nuvens e ocorrem pancadas de chuva a qualquer hora no sul e no leste da Bahia, no centro-noroeste baiano, no sul do Maranh\u00e3o e no sul do Piau\u00ed. O sol brilha forte nas demais \u00e1reas do Nordeste do Pa\u00eds, faz calor e ocorrem pancadas isoladas de chuva.No <strong>Centro-Oeste<\/strong> o sol aparece e n\u00e3o chove no sul e no oeste de Mato Grosso do Sul. A regi\u00e3o central de Mato Grosso do Sul, o norte de Goi\u00e1s e o Distrito Federal t\u00eam sol, aumento de nuvens e pancadas de chuva \u00e0 tarde. Nas demais \u00e1reas o sol aparece entre muitas nuvens e acontecem pancadas de chuva principalmente a partir da tarde.<\/p>\n<p>Segundo a Climatempo, no <strong>Norte<\/strong> o sol brilha forte e o tempo fica firme no Amap\u00e1 e no nordeste do Par\u00e1, inclusive em Bel\u00e9m. O sol aparece entre muitas nuvens e chove a qualquer hora em Rond\u00f4nia, no Acre, no Amazonas, no sul e no oeste do Par\u00e1, em Roraima e no centro-norte do Tocantins. Nas demais \u00e1reas do Tocantins e do Par\u00e1, o sol brilha forte, mas o tempo abafado provoca pancadas isoladas de chuva no per\u00edodo da tarde e \u00e0 noite.<\/p>\n<p>Sobre o Grupo Climatempo &#8211; O Grupo Climatempo \u00e9 a maior empresa privada de meteorologia do pa\u00eds. Uma holding formada pela Climatempo Consultoria, Ag\u00eancia Climatempo, a TV Climatempo e a CLIMANET (Internet, servi\u00e7os de tecnologia e inform\u00e1tica). Atualmente, o Grupo Climatempo fornece conte\u00fado para os principais portais do pa\u00eds, mais de 50 retransmissoras de televis\u00e3o do Brasil, r\u00e1dios e tem cerca de mil clientes. Os dois principais segmentos atendidos s\u00e3o o de agroneg\u00f3cios e meios de comunica\u00e7\u00e3o. Al\u00e9m destes, fornece conte\u00fado meteorol\u00f3gico estrat\u00e9gico para produtoras, a ind\u00fastria eletroeletr\u00f4nica e t\u00eaxtil, com\u00e9rcio, moda e turismo, constru\u00e7\u00e3o civil, setor de energia, entre outros setores.<\/p>\n<p>O Grupo \u00e9 presidido pelo meteorologista Carlos Magno, um dos primeiros comunicadores da profiss\u00e3o no Pa\u00eds, com mais de 23 anos de carreira, que ajudou a mudar a cultura que o brasileiro tinha sobre a meteorologia. O Grupo Climatempo conta ainda com Ana L\u00facia Frony vice-presidente, Renato Urbinder, s\u00f3cio-diretor (Diretor de Neg\u00f3cios e Projetos Especiais), e os diretores executivos Gilca Palma (Climatempo Meteorologia), Andr\u00e9 Madeira (Ag\u00eancia Climatempo) e o jornalista Paulo Polli (TV Climatempo) no Conselho Consultivo.<\/p>\n","protected":false},"excerpt":{"rendered":"<p>Climatempo Meteorologia &#8211; Na ter\u00e7a-feira (13\/10), no Sudeste uma frente fria deixa o tempo chuvoso, com acentuada queda de temperatura, no sul do Rio de Janeiro e no sul e na faixa leste de S\u00e3o Paulo. Tempo firme, com sol e sem chuva no norte e no nordeste de Minas e no Esp\u00edrito Santo. Sol [&hellip;]<\/p>\n","protected":false},"author":3,"featured_media":0,"comment_status":"open","ping_status":"open","sticky":false,"template":"","format":"standard","meta":{"tdm_status":"","tdm_grid_status":"","footnotes":""},"categories":[22,327,376],"tags":[],"class_list":{"0":"post-13963","1":"post","2":"type-post","3":"status-publish","4":"format-standard","6":"category-brasil","7":"category-clima","8":"category-clima-brasil"},"_links":{"self":[{"href":"https:\/\/migracao.redenoticia.com.br\/noticia\/wp-json\/wp\/v2\/posts\/13963","targetHints":{"allow":["GET"]}}],"collection":[{"href":"https:\/\/migracao.redenoticia.com.br\/noticia\/wp-json\/wp\/v2\/posts"}],"about":[{"href":"https:\/\/migracao.redenoticia.com.br\/noticia\/wp-json\/wp\/v2\/types\/post"}],"author":[{"embeddable":true,"href":"https:\/\/migracao.redenoticia.com.br\/noticia\/wp-json\/wp\/v2\/users\/3"}],"replies":[{"embeddable":true,"href":"https:\/\/migracao.redenoticia.com.br\/noticia\/wp-json\/wp\/v2\/comments?post=13963"}],"version-history":[{"count":0,"href":"https:\/\/migracao.redenoticia.com.br\/noticia\/wp-json\/wp\/v2\/posts\/13963\/revisions"}],"wp:attachment":[{"href":"https:\/\/migracao.redenoticia.com.br\/noticia\/wp-json\/wp\/v2\/media?parent=13963"}],"wp:term":[{"taxonomy":"category","embeddable":true,"href":"https:\/\/migracao.redenoticia.com.br\/noticia\/wp-json\/wp\/v2\/categories?post=13963"},{"taxonomy":"post_tag","embeddable":true,"href":"https:\/\/migracao.redenoticia.com.br\/noticia\/wp-json\/wp\/v2\/tags?post=13963"}],"curies":[{"name":"wp","href":"https:\/\/api.w.org\/{rel}","templated":true}]}}