{"id":139647,"date":"2018-04-17T00:07:44","date_gmt":"2018-04-17T03:07:44","guid":{"rendered":"https:\/\/www.redenoticia.com.br\/noticia\/?p=139647"},"modified":"2018-04-17T00:07:44","modified_gmt":"2018-04-17T03:07:44","slug":"poli-usp-oferece-mba-de-inovacao-em-comunicacao-e-redes","status":"publish","type":"post","link":"https:\/\/migracao.redenoticia.com.br\/noticia\/2018\/poli-usp-oferece-mba-de-inovacao-em-comunicacao-e-redes\/139647","title":{"rendered":"Poli-USP oferece MBA de inova\u00e7\u00e3o em comunica\u00e7\u00e3o e redes"},"content":{"rendered":"<p> Ag\u00eancia FAPESP\u00a0\u2013 O Laborat\u00f3rio de Arquitetura e Redes de Computadores (LARC), do Departamento de Engenharia de Computa\u00e7\u00e3o e Sistemas Digitais da Escola Polit\u00e9cnica (Poli) da USP, est\u00e1 com inscri\u00e7\u00f5es abertas para o <strong><em>MBA em Inova\u00e7\u00e3o Tecnol\u00f3gica em Comunica\u00e7\u00e3o e Redes<\/em><\/strong>.<\/p>\n<p>O curso coordenado pelo professor\u00a0\u00e9 destinado a profissionais graduados que atuem ou desejem atuar na \u00e1rea de teleinform\u00e1tica.<\/p>\n<p>As aulas come\u00e7ar\u00e3o no dia 19 de abril e ser\u00e3o ministradas nas segundas, ter\u00e7as e quintas, das 19 horas \u00e0s 22h15, com intervalo de 15 minutos. \u00c0s quartas e sextas, ser\u00e3o agendados os laborat\u00f3rios, as palestras, as provas substitutivas e de recupera\u00e7\u00e3o. A dura\u00e7\u00e3o do MBA \u00e9 de 15 meses, sendo tr\u00eas meses para o desenvolvimento da monografia de conclus\u00e3o de curso.<\/p>\n<p>O curso tem 474 horas de aula e 100 horas para o desenvolvimento de uma monografia pelos alunos, de forma a exercitar e aplicar os conhecimentos adquiridos durante o curso. S\u00e3o oferecidas, ao longo de todo o programa, diversas palestras ministradas por especialistas nacionais e internacionais em temas relacionados ao programa.<\/p>\n<p>O processo de sele\u00e7\u00e3o inclui an\u00e1lise do curr\u00edculo e do hist\u00f3rico escolar do candidato, entrevistas individuais e reda\u00e7\u00e3o. As inscri\u00e7\u00f5es devem ser feitas pelo\u00a0. A taxa de matr\u00edcula custa R$ 1.500,00.<\/p>\n<p>Mais informa\u00e7\u00f5es:\u00a0.<\/p>\n","protected":false},"excerpt":{"rendered":"<p>Ag\u00eancia FAPESP\u00a0\u2013 O Laborat\u00f3rio de Arquitetura e Redes de Computadores (LARC), do Departamento de Engenharia de Computa\u00e7\u00e3o e Sistemas Digitais da Escola Polit\u00e9cnica (Poli) da USP, est\u00e1 com inscri\u00e7\u00f5es abertas para o MBA em Inova\u00e7\u00e3o Tecnol\u00f3gica em Comunica\u00e7\u00e3o e Redes. O curso coordenado pelo professor\u00a0\u00e9 destinado a profissionais graduados que atuem ou desejem atuar na [&hellip;]<\/p>\n","protected":false},"author":2,"featured_media":37419,"comment_status":"open","ping_status":"closed","sticky":false,"template":"","format":"standard","meta":{"tdm_status":"","tdm_grid_status":"","footnotes":""},"categories":[22,351,370],"tags":[],"class_list":{"0":"post-139647","1":"post","2":"type-post","3":"status-publish","4":"format-standard","5":"has-post-thumbnail","7":"category-brasil","8":"category-cursos","9":"category-inscricao"},"_links":{"self":[{"href":"https:\/\/migracao.redenoticia.com.br\/noticia\/wp-json\/wp\/v2\/posts\/139647","targetHints":{"allow":["GET"]}}],"collection":[{"href":"https:\/\/migracao.redenoticia.com.br\/noticia\/wp-json\/wp\/v2\/posts"}],"about":[{"href":"https:\/\/migracao.redenoticia.com.br\/noticia\/wp-json\/wp\/v2\/types\/post"}],"author":[{"embeddable":true,"href":"https:\/\/migracao.redenoticia.com.br\/noticia\/wp-json\/wp\/v2\/users\/2"}],"replies":[{"embeddable":true,"href":"https:\/\/migracao.redenoticia.com.br\/noticia\/wp-json\/wp\/v2\/comments?post=139647"}],"version-history":[{"count":0,"href":"https:\/\/migracao.redenoticia.com.br\/noticia\/wp-json\/wp\/v2\/posts\/139647\/revisions"}],"wp:featuredmedia":[{"embeddable":true,"href":"https:\/\/migracao.redenoticia.com.br\/noticia\/wp-json\/wp\/v2\/media\/37419"}],"wp:attachment":[{"href":"https:\/\/migracao.redenoticia.com.br\/noticia\/wp-json\/wp\/v2\/media?parent=139647"}],"wp:term":[{"taxonomy":"category","embeddable":true,"href":"https:\/\/migracao.redenoticia.com.br\/noticia\/wp-json\/wp\/v2\/categories?post=139647"},{"taxonomy":"post_tag","embeddable":true,"href":"https:\/\/migracao.redenoticia.com.br\/noticia\/wp-json\/wp\/v2\/tags?post=139647"}],"curies":[{"name":"wp","href":"https:\/\/api.w.org\/{rel}","templated":true}]}}