{"id":139710,"date":"2018-04-17T19:10:45","date_gmt":"2018-04-17T22:10:45","guid":{"rendered":"https:\/\/www.redenoticia.com.br\/noticia\/?p=139710"},"modified":"2018-04-17T19:47:22","modified_gmt":"2018-04-17T22:47:22","slug":"resumo-novela-chiquititas-18-04-carmen-descobre-que-miguel-esta-preso","status":"publish","type":"post","link":"https:\/\/migracao.redenoticia.com.br\/noticia\/2018\/resumo-novela-chiquititas-18-04-carmen-descobre-que-miguel-esta-preso\/139710","title":{"rendered":"Resumo novela \u201cChiquititas\u201d 18\/04: Carmen descobre que Miguel est\u00e1 preso"},"content":{"rendered":"<p><img loading=\"lazy\" decoding=\"async\" class=\"alignleft size-thumbnail wp-image-49690\" src=\"https:\/\/migracao.redenoticia.com.br\/noticia\/imagens\/chiquititas1-150x112.jpg\" alt=\"chiquititas\" width=\"150\" height=\"112\" \/><strong><em>Resumo novela \u201cChiquititas\u201d 18\/04<\/em><\/strong>: no cap\u00edtulo 417(*) da novela \u201cChiquititas\u201d, resumo de quarta-feira, 18 de abril, Gabriela conversa com Mili e diz que n\u00e3o ir\u00e1 desistir de adot\u00e1-la, mas que dar\u00e1 um tempo para Marian se acostumar com a ideia. Gabriela diz ainda que Mili ficar\u00e1 desde j\u00e1 na mans\u00e3o dos Almeida Campos. Enquanto isso, no quarto, Carmen conversa com Marian e diz que precisam descobrir uma maneira de fazer com que Mili n\u00e3o fique na mans\u00e3o. Rafa e Samuca tentam conquistar Bel, mas s\u00e3o dispensados por ela. <\/p>\n<p>Bel revela para Janu que est\u00e1 confusa, mas pensa gostar dos dois. Dani discute com Junior, vai para o quarto e empurra Maria por ter dito que Junior e Carol se amam. Janu, Janj\u00e3o, Andr\u00e9 e Tatu combinam um plano para afastar Rafa e Samuca de Bel. Janu diz para os dois chiquititos que Bel precisa de uma prova de amor extravagante para escolher com quem ficar\u00e1. Carmen recebe a not\u00edcia que Miguel est\u00e1 preso. A megera vai at\u00e9 a delegacia e finge que Miguel \u00e9 um homem que tentou assalt\u00e1-la. Andreia e Fernando conversam no hospital para armar um plano para separar Junior e Carol de vez. Fernando diz que Andreia precisa deixar Diego com Junior e fingir que ir\u00e1 fazer um tratamento no Rio de Janeiro. <\/p>\n<p>Vivi fica enciumada ao saber que Samuca est\u00e1 apaixonado por Bel. Cris revela para Vivi que nunca namorou Samuca, foi tudo mentira, pois Samuca queria fazer ci\u00fame para ela. Andreia coloca em a\u00e7\u00e3o o plano e deixa Diego com Junior. Bia sonha com a \u00e9poca em que tinha por volta de 3 anos de idade e brincava de boneca em uma das casas da comunidade. Ao acordar, Bia diz para Vivi que precisa ir nessa casa.<\/p>\n<p>(*) edi\u00e7\u00e3o do SBT, Novela \u201cChiquititas\u201d, sujeito a altera\u00e7\u00e3o de data e conte\u00fado.<\/p>\n<p>Chiquititas gira em torno do orfanato Raio de Luz, que carrega em sua hist\u00f3ria um grande segredo envolvendo a fam\u00edlia e o dono do orfanato, Dr. Jos\u00e9 Ricardo Almeida Campos. Em um per\u00edodo anterior \u00e0 novela, exatos treze anos, sua filha Gabriela se apaixonou e ficou gr\u00e1vida de Miguel, filho de Valentina, empregada da casa dos Almeida Campos. Pouco depois, Jos\u00e9 Ricardo sequestrou sua neta, pois, como um homem conservador, ele n\u00e3o aceitava a ideia de que sua filha se envolvesse com um empregado. Como sua neta, Milena, apelidada como Mili, precisava de um lugar para morar, ele comprou um casar\u00e3o e fundou um orfanato, o Raio de Luz. Mili cresceu l\u00e1 com outras garotas que chegaram posteriormente: Bia, Ana, as irm\u00e3s Tati e Vivi, e Cris. Ao decorrer dos anos, elas se tornam uma fam\u00edlia. Elas s\u00e3o supervisionadas por Ernestina, zeladora do orfanato, e Chico, o cozinheiro amado pelas internas. Sofia, ex-governanta da fam\u00edlia Almeida Campos, \u00e9 a diretora do lugar, at\u00e9 que Carmem, irm\u00e3 de Jos\u00e9 Ricardo, entre em seu lugar. Chegam ainda mais \u00f3rf\u00e3os: Pata, Mosca, Binho e Rafa, que viviam nas ruas antes de entrarem na institui\u00e7\u00e3o. Pata e Mili tornam-se amigas rapidamente, enquanto Mosca, Binho e Rafa s\u00e3o os primeiros garotos a entrar no abrigo. As crian\u00e7as sem-teto foram ajudadas por uma doce e bela garota que tocam e mudam a vida delas, assim como as das garotas \u00f3rf\u00e3s.<\/p>\n","protected":false},"excerpt":{"rendered":"<p>Resumo novela \u201cChiquititas\u201d 18\/04: no cap\u00edtulo 417(*) da novela \u201cChiquititas\u201d, resumo de quarta-feira, 18 de abril, Gabriela conversa com Mili e diz que n\u00e3o ir\u00e1 desistir de adot\u00e1-la, mas que dar\u00e1 um tempo para Marian se acostumar com a ideia. Gabriela diz ainda que Mili ficar\u00e1 desde j\u00e1 na mans\u00e3o dos Almeida Campos. Enquanto isso, [&hellip;]<\/p>\n","protected":false},"author":4,"featured_media":49690,"comment_status":"open","ping_status":"closed","sticky":false,"template":"","format":"standard","meta":{"tdm_status":"","tdm_grid_status":"","footnotes":""},"categories":[409,379,372,343],"tags":[441],"class_list":{"0":"post-139710","1":"post","2":"type-post","3":"status-publish","4":"format-standard","5":"has-post-thumbnail","7":"category-chiquititas","8":"category-novelas","9":"category-sbt","10":"category-televisao","11":"tag-resumo-do-dia"},"_links":{"self":[{"href":"https:\/\/migracao.redenoticia.com.br\/noticia\/wp-json\/wp\/v2\/posts\/139710","targetHints":{"allow":["GET"]}}],"collection":[{"href":"https:\/\/migracao.redenoticia.com.br\/noticia\/wp-json\/wp\/v2\/posts"}],"about":[{"href":"https:\/\/migracao.redenoticia.com.br\/noticia\/wp-json\/wp\/v2\/types\/post"}],"author":[{"embeddable":true,"href":"https:\/\/migracao.redenoticia.com.br\/noticia\/wp-json\/wp\/v2\/users\/4"}],"replies":[{"embeddable":true,"href":"https:\/\/migracao.redenoticia.com.br\/noticia\/wp-json\/wp\/v2\/comments?post=139710"}],"version-history":[{"count":0,"href":"https:\/\/migracao.redenoticia.com.br\/noticia\/wp-json\/wp\/v2\/posts\/139710\/revisions"}],"wp:featuredmedia":[{"embeddable":true,"href":"https:\/\/migracao.redenoticia.com.br\/noticia\/wp-json\/wp\/v2\/media\/49690"}],"wp:attachment":[{"href":"https:\/\/migracao.redenoticia.com.br\/noticia\/wp-json\/wp\/v2\/media?parent=139710"}],"wp:term":[{"taxonomy":"category","embeddable":true,"href":"https:\/\/migracao.redenoticia.com.br\/noticia\/wp-json\/wp\/v2\/categories?post=139710"},{"taxonomy":"post_tag","embeddable":true,"href":"https:\/\/migracao.redenoticia.com.br\/noticia\/wp-json\/wp\/v2\/tags?post=139710"}],"curies":[{"name":"wp","href":"https:\/\/api.w.org\/{rel}","templated":true}]}}