{"id":139797,"date":"2018-04-18T16:52:04","date_gmt":"2018-04-18T19:52:04","guid":{"rendered":"https:\/\/www.redenoticia.com.br\/noticia\/?p=139797"},"modified":"2018-04-18T16:49:02","modified_gmt":"2018-04-18T19:49:02","slug":"resumo-novela-orgulho-e-paixao-19-04-ema-confessa-a-jorge-que-leu-o-seu-diario","status":"publish","type":"post","link":"https:\/\/migracao.redenoticia.com.br\/noticia\/2018\/resumo-novela-orgulho-e-paixao-19-04-ema-confessa-a-jorge-que-leu-o-seu-diario\/139797","title":{"rendered":"Resumo novela \u201cOrgulho e Paix\u00e3o\u201d 19\/04: Ema confessa a Jorge que leu o seu di\u00e1rio"},"content":{"rendered":"<p><img loading=\"lazy\" decoding=\"async\" src=\"https:\/\/migracao.redenoticia.com.br\/noticia\/imagens\/orgulho-e-paixao-novela-globo-resumo-Foto-Joao-Miguel-junior-tv-globo-150x112.jpg\" alt=\"\" width=\"150\" height=\"112\" class=\"alignleft size-thumbnail wp-image-134200\" srcset=\"https:\/\/migracao.redenoticia.com.br\/noticia\/imagens\/orgulho-e-paixao-novela-globo-resumo-Foto-Joao-Miguel-junior-tv-globo-150x112.jpg 150w, https:\/\/migracao.redenoticia.com.br\/noticia\/imagens\/orgulho-e-paixao-novela-globo-resumo-Foto-Joao-Miguel-junior-tv-globo-265x198.jpg 265w\" sizes=\"auto, (max-width: 150px) 100vw, 150px\" \/><strong><em>Resumo novela \u201cOrgulho e Paix\u00e3o\u201d 19\/04<\/em><\/strong>: no cap\u00edtulo 027(*) da novela \u201cOrgulho e Paix\u00e3o\u201d, resumo de quinta-feira, 19 de abril, Darcy sente ci\u00fames de Oleg\u00e1rio com Elisabeta. Mariana discute com Brand\u00e3o. Ernesto entra no quarto de Ema e se irrita ao ver o mapa de casais feito por ela. Ema mostra o di\u00e1rio de Jorge para Elisabeta, que incentiva a amiga a falar com o advogado. Susana sugere que Julieta promova um jantar para Ludmila e Camilo n\u00e3o gosta. Ernesto briga com Virg\u00edlio para defender Luccino. Susana instrui Oleg\u00e1rio em um novo plano. Elisabeta e Ludmila se preocupam com Ema. Oleg\u00e1rio convida Elisabeta para ir ao cinema. Brand\u00e3o conta para Luccino que Mariana o procurou. Oleg\u00e1rio prende Ludmila no banheiro e fica sozinho com Elisabeta. L\u00eddia joga p\u00f3 de mico em Mariana e Uirapuru e em toda a cidade. Tib\u00farcio vai \u00e0 casa de Felisberto e Of\u00e9lia. Darcy v\u00ea Elisabeta e Oleg\u00e1rio na porta do cinema. Ema confessa a Jorge que leu o seu di\u00e1rio.<\/p>\n<p>(*) edi\u00e7\u00e3o da Rede Globo, Novela \u201cOrgulho e Paix\u00e3o\u201d, sujeito a altera\u00e7\u00e3o de data e conte\u00fado.<\/p>\n<p>No fict\u00edcio Vale do Caf\u00e9, interior de S\u00e3o Paulo, nossos personagens vivem seus conflitos sociais e de conduta, que sempre se contrap\u00f5em aos desejos pessoais de cada um. Elisabeta (Nathalia Dill) \u00e9 uma mulher \u00e0 frente do seu tempo, com pensamentos igualit\u00e1rios e interesses at\u00edpicos para uma jovem do in\u00edcio do s\u00e9culo XX. Ela deseja trabalhar, conhecer o mundo e \u00e9 incentivada a realizar seus sonhos pelo pai, Felisberto (Tato Gabus Mendes), que vive \u00e0s turras com a mulher, Of\u00e9lia (Vera Holtz), por pensarem diferente sobre a cria\u00e7\u00e3o das filhas. Ao todo, o casal teve cinco mulheres, e cada uma com uma personalidade diferente.<\/p>\n<p>A personagem de Nathalia Dill entrar\u00e1 em conflito quando se apaixonar por Darcy (Thiago Lacerda), um homem de car\u00e1ter e muito sisudo. O amor n\u00e3o \u00e9 \u00e0 primeira vista, j\u00e1 que os dois n\u00e3o se entendem assim que se conhecem. O sentimento de repulsa dar\u00e1 lugar a uma grande paix\u00e3o, que ser\u00e1 negada pelo casal o m\u00e1ximo poss\u00edvel.<\/p>\n","protected":false},"excerpt":{"rendered":"<p>Resumo novela \u201cOrgulho e Paix\u00e3o\u201d 19\/04: no cap\u00edtulo 027(*) da novela \u201cOrgulho e Paix\u00e3o\u201d, resumo de quinta-feira, 19 de abril, Darcy sente ci\u00fames de Oleg\u00e1rio com Elisabeta. Mariana discute com Brand\u00e3o. Ernesto entra no quarto de Ema e se irrita ao ver o mapa de casais feito por ela. Ema mostra o di\u00e1rio de Jorge [&hellip;]<\/p>\n","protected":false},"author":4,"featured_media":134200,"comment_status":"open","ping_status":"closed","sticky":false,"template":"","format":"standard","meta":{"tdm_status":"","tdm_grid_status":"","footnotes":""},"categories":[379,467,375,343],"tags":[441],"class_list":{"0":"post-139797","1":"post","2":"type-post","3":"status-publish","4":"format-standard","5":"has-post-thumbnail","7":"category-novelas","8":"category-orgulho-e-paixao","9":"category-rede-globo","10":"category-televisao","11":"tag-resumo-do-dia"},"_links":{"self":[{"href":"https:\/\/migracao.redenoticia.com.br\/noticia\/wp-json\/wp\/v2\/posts\/139797","targetHints":{"allow":["GET"]}}],"collection":[{"href":"https:\/\/migracao.redenoticia.com.br\/noticia\/wp-json\/wp\/v2\/posts"}],"about":[{"href":"https:\/\/migracao.redenoticia.com.br\/noticia\/wp-json\/wp\/v2\/types\/post"}],"author":[{"embeddable":true,"href":"https:\/\/migracao.redenoticia.com.br\/noticia\/wp-json\/wp\/v2\/users\/4"}],"replies":[{"embeddable":true,"href":"https:\/\/migracao.redenoticia.com.br\/noticia\/wp-json\/wp\/v2\/comments?post=139797"}],"version-history":[{"count":0,"href":"https:\/\/migracao.redenoticia.com.br\/noticia\/wp-json\/wp\/v2\/posts\/139797\/revisions"}],"wp:featuredmedia":[{"embeddable":true,"href":"https:\/\/migracao.redenoticia.com.br\/noticia\/wp-json\/wp\/v2\/media\/134200"}],"wp:attachment":[{"href":"https:\/\/migracao.redenoticia.com.br\/noticia\/wp-json\/wp\/v2\/media?parent=139797"}],"wp:term":[{"taxonomy":"category","embeddable":true,"href":"https:\/\/migracao.redenoticia.com.br\/noticia\/wp-json\/wp\/v2\/categories?post=139797"},{"taxonomy":"post_tag","embeddable":true,"href":"https:\/\/migracao.redenoticia.com.br\/noticia\/wp-json\/wp\/v2\/tags?post=139797"}],"curies":[{"name":"wp","href":"https:\/\/api.w.org\/{rel}","templated":true}]}}