{"id":13984,"date":"2009-10-13T14:44:18","date_gmt":"2009-10-13T18:44:18","guid":{"rendered":"http:\/\/www.redenoticia.com.br\/noticia\/?p=13984"},"modified":"2009-11-17T22:46:07","modified_gmt":"2009-11-18T02:46:07","slug":"idolos-2009-rede-record-concentracao-maxima-na-mansao","status":"publish","type":"post","link":"https:\/\/migracao.redenoticia.com.br\/noticia\/2009\/idolos-2009-rede-record-concentracao-maxima-na-mansao\/13984","title":{"rendered":"\u00cddolos 2009 Rede Record: concentra\u00e7\u00e3o m\u00e1xima na mans\u00e3o"},"content":{"rendered":"<p><strong><a href=\"https:\/\/migracao.redenoticia.com.br\/noticia\/imagens\/\/idolos3.jpg\"><img loading=\"lazy\" decoding=\"async\" class=\"alignleft size-medium wp-image-13985\" title=\"idolos\" src=\"https:\/\/migracao.redenoticia.com.br\/noticia\/imagens\/\/idolos3-249x187.jpg\" alt=\"idolos\" width=\"249\" height=\"187\" srcset=\"https:\/\/migracao.redenoticia.com.br\/noticia\/imagens\/idolos3-249x187.jpg 249w, https:\/\/migracao.redenoticia.com.br\/noticia\/imagens\/idolos3-250x187.jpg 250w, https:\/\/migracao.redenoticia.com.br\/noticia\/imagens\/idolos3.jpg 400w, https:\/\/migracao.redenoticia.com.br\/noticia\/imagens\/idolos3-150x113.jpg 150w, https:\/\/migracao.redenoticia.com.br\/noticia\/imagens\/idolos3-265x198.jpg 265w, https:\/\/migracao.redenoticia.com.br\/noticia\/imagens\/idolos3-149x112.jpg 149w\" sizes=\"auto, (max-width: 249px) 100vw, 249px\" \/><\/a>\u00cddolos 2009 <\/strong>&#8211; Diferentemente da primeira edi\u00e7\u00e3o do programa, exibida em 2008 na <strong>Rede Record<\/strong>, os finalistas nesta temporada est\u00e3o &#8220;concentrados&#8221;, desde o dia 8 de outubro, em uma maravilhosa mans\u00e3o adaptada exclusivamente para esta fase final do programa, chamada de Concertos. O endere\u00e7o da casa \u00cddolos 2009 Rede Record \u00e9 secreto. O lugar foi todo preparado para receber as 12 estrelas de nossa m\u00fasica brasileira. Na edi\u00e7\u00e3o passada, os finalistas passavam essa etapa de concentra\u00e7\u00e3o em um hotel.<\/p>\n<p>Todos os bastidores dessa mans\u00e3o ser\u00e3o mostrados no ar a partir de hoje, 13 de outubro, data em que se inicia a fase dos Concertos \u00cddolos 2009 Rede Record. Nessa etapa, o p\u00fablico decide pelo voto quem continua na competi\u00e7\u00e3o e, a cada semana, um finalista \u00e9 eliminado.<\/p>\n<p>A Mans\u00e3o \u00cddolos \u00e9 uma esp\u00e9cie de concentra\u00e7\u00e3o, espa\u00e7o em que os candidatos ficar\u00e3o focados na performance musical e na rotina de ensaios para as apresenta\u00e7\u00f5es no palco. Com a novidade, a competi\u00e7\u00e3o de \u00cddolos fica ainda mais acirrada. A conviv\u00eancia mais pr\u00f3xima entre os participantes vai colocar mais press\u00e3o na reta final da atra\u00e7\u00e3o. Os jurados Marco Camargo, Luiz Calainho e Paula Lima estar\u00e3o ainda mais exigentes nessa fase, afinal, apenas um candidato ser\u00e1 o novo \u00eddolo do Brasil e gravar\u00e1 um \u00e1lbum pela Warner.<\/p>\n<p>A mans\u00e3o, em estilo colonial americano, tem 2.500 m\u00b2 de terreno, com 1.000 m\u00b2 de \u00e1rea constru\u00edda. O espa\u00e7o comporta um est\u00fadio para que os participantes possam passar suas m\u00fasicas e ensaiar com a treinadora vocal e um preparador corporal antes de subir ao palco. Todos os finalistas est\u00e3o divididos em quatro quartos. Para os momentos de lazer, os participantes t\u00eam uma sala de gin\u00e1stica e uma de conviv\u00eancia. A alimenta\u00e7\u00e3o tamb\u00e9m \u00e9 balanceada, contando com o aux\u00edlio de uma nutricionista.<\/p>\n<p>Durante esse per\u00edodo na Mans\u00e3o \u00cddolos, os candidatos n\u00e3o recebem visitas ou telefonemas de familiares e amigos, apenas poder\u00e3o participar de eventos musicais que contribuam para o seu aperfei\u00e7oamento na \u00e1rea. Muitas emo\u00e7\u00f5es e intrigas prometem esquentar ainda mais essa competi\u00e7\u00e3o.<\/p>\n<p>\u00cdDOLOS \u00e9 apresentado por Rodrigo Faro, sob dire\u00e7\u00e3o geral de Wanderley Villa Nova e dire\u00e7\u00e3o art\u00edstica de Fernanda Telles. A atra\u00e7\u00e3o \u00e9 exibida \u00e0s ter\u00e7as e quartas, a partir das 23h, na tela da Record.<\/p>\n<p>\u00cddolos 2009 Rede Record<\/p>\n","protected":false},"excerpt":{"rendered":"<p>\u00cddolos 2009 &#8211; Diferentemente da primeira edi\u00e7\u00e3o do programa, exibida em 2008 na Rede Record, os finalistas nesta temporada est\u00e3o &#8220;concentrados&#8221;, desde o dia 8 de outubro, em uma maravilhosa mans\u00e3o adaptada exclusivamente para esta fase final do programa, chamada de Concertos. O endere\u00e7o da casa \u00cddolos 2009 Rede Record \u00e9 secreto. O lugar foi [&hellip;]<\/p>\n","protected":false},"author":3,"featured_media":0,"comment_status":"open","ping_status":"open","sticky":false,"template":"","format":"standard","meta":{"tdm_status":"","tdm_grid_status":"","footnotes":""},"categories":[22,371,343],"tags":[],"class_list":{"0":"post-13984","1":"post","2":"type-post","3":"status-publish","4":"format-standard","6":"category-brasil","7":"category-rede-record","8":"category-televisao"},"_links":{"self":[{"href":"https:\/\/migracao.redenoticia.com.br\/noticia\/wp-json\/wp\/v2\/posts\/13984","targetHints":{"allow":["GET"]}}],"collection":[{"href":"https:\/\/migracao.redenoticia.com.br\/noticia\/wp-json\/wp\/v2\/posts"}],"about":[{"href":"https:\/\/migracao.redenoticia.com.br\/noticia\/wp-json\/wp\/v2\/types\/post"}],"author":[{"embeddable":true,"href":"https:\/\/migracao.redenoticia.com.br\/noticia\/wp-json\/wp\/v2\/users\/3"}],"replies":[{"embeddable":true,"href":"https:\/\/migracao.redenoticia.com.br\/noticia\/wp-json\/wp\/v2\/comments?post=13984"}],"version-history":[{"count":0,"href":"https:\/\/migracao.redenoticia.com.br\/noticia\/wp-json\/wp\/v2\/posts\/13984\/revisions"}],"wp:attachment":[{"href":"https:\/\/migracao.redenoticia.com.br\/noticia\/wp-json\/wp\/v2\/media?parent=13984"}],"wp:term":[{"taxonomy":"category","embeddable":true,"href":"https:\/\/migracao.redenoticia.com.br\/noticia\/wp-json\/wp\/v2\/categories?post=13984"},{"taxonomy":"post_tag","embeddable":true,"href":"https:\/\/migracao.redenoticia.com.br\/noticia\/wp-json\/wp\/v2\/tags?post=13984"}],"curies":[{"name":"wp","href":"https:\/\/api.w.org\/{rel}","templated":true}]}}