{"id":139949,"date":"2018-04-20T12:19:24","date_gmt":"2018-04-20T15:19:24","guid":{"rendered":"https:\/\/www.redenoticia.com.br\/noticia\/?p=139949"},"modified":"2018-04-20T20:51:56","modified_gmt":"2018-04-20T23:51:56","slug":"novela-os-dez-mandamentos-resumo-23-04-moises-encontra-sua-familia","status":"publish","type":"post","link":"https:\/\/migracao.redenoticia.com.br\/noticia\/2018\/novela-os-dez-mandamentos-resumo-23-04-moises-encontra-sua-familia\/139949","title":{"rendered":"Novela \u201cOs Dez Mandamentos\u201d resumo 23\/04: Jetro conversa com Ar\u00e3o"},"content":{"rendered":"<p> <img loading=\"lazy\" decoding=\"async\" src=\"https:\/\/migracao.redenoticia.com.br\/noticia\/imagens\/resumo_novela_os_dez_mandamentos_record-150x112.jpg\" alt=\"\" width=\"150\" height=\"112\" class=\"alignleft size-thumbnail wp-image-68037\" srcset=\"https:\/\/migracao.redenoticia.com.br\/noticia\/imagens\/resumo_novela_os_dez_mandamentos_record-150x112.jpg 150w, https:\/\/migracao.redenoticia.com.br\/noticia\/imagens\/resumo_novela_os_dez_mandamentos_record-265x198.jpg 265w\" sizes=\"auto, (max-width: 150px) 100vw, 150px\" \/><em><strong>Novela \u201cOs Dez Mandamentos\u201d resumo 23\/04<\/strong><\/em>: no capitulo 195 (*) da novela \u201cOs Dez Mandamentos\u201d, segunda-feira, 23 de abril, Jetro conversa com Ar\u00e3o e diz que sentiu muito quando perdeu a esposa e sozinho teve que criar sete filhas. Ar\u00e3o se mostra curioso e pergunta como conseguiu superar a perda da mulher. Jetro diz que Deus \u00e9 a resposta e do amor pelas filhas. Hur diz que Miri\u00e3 tem a voz mais bela de todo acampamento deixando Joquebede e Mois\u00e9s intrigados. Uma enorme fila de hebreus se forma em frente \u00e0 tenda de Mois\u00e9s e esperam para serem atendidos. Jetro fica curioso e pede para acompanhar os atendimentos. <\/p>\n<p>Mois\u00e9s desce o Monte Sinai com as duas t\u00e1buas de pedra gravadas por Deus e encontra os hebreus fazendo um ritual em torno do bezerro de ouro. Furioso, ele joga as t\u00e1buas no ch\u00e3o e derruba a est\u00e1tua, perguntando quem est\u00e1 com Deus. Aparece a palavra &#8220;Continua\u2026&#8221;<\/p>\n<p>(*) edi\u00e7\u00e3o da Rede Record, Novela \u201cOs Dez Mandamentos\u201d, sujeito a altera\u00e7\u00e3o de data e conte\u00fado.<\/p>\n<p>\u201cOs Dez Mandamentos\u201d \u00e9 uma telenovela brasileira produzida e exibida pela RecordTV, tendo sua primeira temporada exibida entre 23 de mar\u00e7o e 23 de novembro de 2015 em 176 cap\u00edtulos, substituindo Vit\u00f3ria, e sendo substitu\u00edda pela reprise de Rei Davi. A segunda temporada foi produzida pela Casablanca e exibida de 04 de abril a 04 de julho de 2016 em 66 cap\u00edtulos, substituindo a reprise de Sans\u00e3o e Dalila e sendo substitu\u00edda por A Terra Prometida.<\/p>\n","protected":false},"excerpt":{"rendered":"<p>Novela \u201cOs Dez Mandamentos\u201d resumo 23\/04: no capitulo 195 (*) da novela \u201cOs Dez Mandamentos\u201d, segunda-feira, 23 de abril, Jetro conversa com Ar\u00e3o e diz que sentiu muito quando perdeu a esposa e sozinho teve que criar sete filhas. Ar\u00e3o se mostra curioso e pergunta como conseguiu superar a perda da mulher. Jetro diz que [&hellip;]<\/p>\n","protected":false},"author":2,"featured_media":68037,"comment_status":"open","ping_status":"closed","sticky":false,"template":"","format":"standard","meta":{"tdm_status":"","tdm_grid_status":"","footnotes":""},"categories":[379,424,371,343],"tags":[441],"class_list":{"0":"post-139949","1":"post","2":"type-post","3":"status-publish","4":"format-standard","5":"has-post-thumbnail","7":"category-novelas","8":"category-os-dez-mandamentos","9":"category-rede-record","10":"category-televisao","11":"tag-resumo-do-dia"},"_links":{"self":[{"href":"https:\/\/migracao.redenoticia.com.br\/noticia\/wp-json\/wp\/v2\/posts\/139949","targetHints":{"allow":["GET"]}}],"collection":[{"href":"https:\/\/migracao.redenoticia.com.br\/noticia\/wp-json\/wp\/v2\/posts"}],"about":[{"href":"https:\/\/migracao.redenoticia.com.br\/noticia\/wp-json\/wp\/v2\/types\/post"}],"author":[{"embeddable":true,"href":"https:\/\/migracao.redenoticia.com.br\/noticia\/wp-json\/wp\/v2\/users\/2"}],"replies":[{"embeddable":true,"href":"https:\/\/migracao.redenoticia.com.br\/noticia\/wp-json\/wp\/v2\/comments?post=139949"}],"version-history":[{"count":0,"href":"https:\/\/migracao.redenoticia.com.br\/noticia\/wp-json\/wp\/v2\/posts\/139949\/revisions"}],"wp:featuredmedia":[{"embeddable":true,"href":"https:\/\/migracao.redenoticia.com.br\/noticia\/wp-json\/wp\/v2\/media\/68037"}],"wp:attachment":[{"href":"https:\/\/migracao.redenoticia.com.br\/noticia\/wp-json\/wp\/v2\/media?parent=139949"}],"wp:term":[{"taxonomy":"category","embeddable":true,"href":"https:\/\/migracao.redenoticia.com.br\/noticia\/wp-json\/wp\/v2\/categories?post=139949"},{"taxonomy":"post_tag","embeddable":true,"href":"https:\/\/migracao.redenoticia.com.br\/noticia\/wp-json\/wp\/v2\/tags?post=139949"}],"curies":[{"name":"wp","href":"https:\/\/api.w.org\/{rel}","templated":true}]}}