{"id":139985,"date":"2018-04-20T16:50:34","date_gmt":"2018-04-20T19:50:34","guid":{"rendered":"https:\/\/www.redenoticia.com.br\/noticia\/?p=139985"},"modified":"2018-04-20T16:05:55","modified_gmt":"2018-04-20T19:05:55","slug":"resumo-novela-orgulho-e-paixao-21-04-camilo-enfrenta-julieta-e-sai-de-casa","status":"publish","type":"post","link":"https:\/\/migracao.redenoticia.com.br\/noticia\/2018\/resumo-novela-orgulho-e-paixao-21-04-camilo-enfrenta-julieta-e-sai-de-casa\/139985","title":{"rendered":"Resumo novela \u201cOrgulho e Paix\u00e3o\u201d 21\/04: Camilo enfrenta Julieta e sai de casa"},"content":{"rendered":"<p><img loading=\"lazy\" decoding=\"async\" src=\"https:\/\/migracao.redenoticia.com.br\/noticia\/imagens\/orgulho-e-paixao-novela-globo-resumo-Foto-Joao-Miguel-junior-tv-globo-150x112.jpg\" alt=\"\" width=\"150\" height=\"112\" class=\"alignleft size-thumbnail wp-image-134200\" srcset=\"https:\/\/migracao.redenoticia.com.br\/noticia\/imagens\/orgulho-e-paixao-novela-globo-resumo-Foto-Joao-Miguel-junior-tv-globo-150x112.jpg 150w, https:\/\/migracao.redenoticia.com.br\/noticia\/imagens\/orgulho-e-paixao-novela-globo-resumo-Foto-Joao-Miguel-junior-tv-globo-265x198.jpg 265w\" sizes=\"auto, (max-width: 150px) 100vw, 150px\" \/><strong><em>Resumo novela \u201cOrgulho e Paix\u00e3o\u201d 21\/04<\/em><\/strong>: no cap\u00edtulo 029(*) da novela \u201cOrgulho e Paix\u00e3o\u201d, resumo de s\u00e1bado, 21 de abril, Jane conta a verdade para Julieta e se decepciona com a atitude de Camilo. Xavier manda Virg\u00edlio prender Luccino e o pressiona a confessar que \u00e9 o Motoqueiro Vermelho. Gaetano expulsa Ernesto de casa. Elisabeta e Ludmila tentam confortar Jane. Cec\u00edlia aceita adiantar seu casamento com R\u00f4mulo e morar com ele na mans\u00e3o. Brand\u00e3o n\u00e3o encontra Luccino em sua casa e se preocupa. Ernesto procura R\u00f4mulo e Fani o destrata. Darcy aconselha Julieta a n\u00e3o infantilizar Camilo, j\u00e1 que ele \u00e9 um homem formado. Felisberto castiga Mariana e L\u00eddia. Brand\u00e3o se veste como o Motoqueiro Vermelho. Ema se assusta ao encontrar Ernesto dormindo em seu quarto. Brand\u00e3o salva Luccino de Xavier. Susana comemora com Pet\u00falia e Oleg\u00e1rio o sucesso de seu plano de estragar o romance de Darcy e Elisabeta. Of\u00e9lia encontra Ernesto dormindo no est\u00e1bulo. Darcy e Elisabeta reatam. Jane ouve que Camilo ser\u00e1 mandado para a Europa e fica desolada. Brand\u00e3o chama R\u00f4mulo para cuidar de Luccino. Cec\u00edlia decide avisar a Elisabeta e Jane de seu casamento. Ema exige que Ernesto seja demitido. Camilo enfrenta Julieta e sai de casa.<\/p>\n<p>(*) edi\u00e7\u00e3o da Rede Globo, Novela \u201cOrgulho e Paix\u00e3o\u201d, sujeito a altera\u00e7\u00e3o de data e conte\u00fado.<\/p>\n<p>No fict\u00edcio Vale do Caf\u00e9, interior de S\u00e3o Paulo, nossos personagens vivem seus conflitos sociais e de conduta, que sempre se contrap\u00f5em aos desejos pessoais de cada um. Elisabeta (Nathalia Dill) \u00e9 uma mulher \u00e0 frente do seu tempo, com pensamentos igualit\u00e1rios e interesses at\u00edpicos para uma jovem do in\u00edcio do s\u00e9culo XX. Ela deseja trabalhar, conhecer o mundo e \u00e9 incentivada a realizar seus sonhos pelo pai, Felisberto (Tato Gabus Mendes), que vive \u00e0s turras com a mulher, Of\u00e9lia (Vera Holtz), por pensarem diferente sobre a cria\u00e7\u00e3o das filhas. Ao todo, o casal teve cinco mulheres, e cada uma com uma personalidade diferente.<\/p>\n<p>A personagem de Nathalia Dill entrar\u00e1 em conflito quando se apaixonar por Darcy (Thiago Lacerda), um homem de car\u00e1ter e muito sisudo. O amor n\u00e3o \u00e9 \u00e0 primeira vista, j\u00e1 que os dois n\u00e3o se entendem assim que se conhecem. O sentimento de repulsa dar\u00e1 lugar a uma grande paix\u00e3o, que ser\u00e1 negada pelo casal o m\u00e1ximo poss\u00edvel.<\/p>\n","protected":false},"excerpt":{"rendered":"<p>Resumo novela \u201cOrgulho e Paix\u00e3o\u201d 21\/04: no cap\u00edtulo 029(*) da novela \u201cOrgulho e Paix\u00e3o\u201d, resumo de s\u00e1bado, 21 de abril, Jane conta a verdade para Julieta e se decepciona com a atitude de Camilo. Xavier manda Virg\u00edlio prender Luccino e o pressiona a confessar que \u00e9 o Motoqueiro Vermelho. Gaetano expulsa Ernesto de casa. Elisabeta [&hellip;]<\/p>\n","protected":false},"author":4,"featured_media":134200,"comment_status":"open","ping_status":"closed","sticky":false,"template":"","format":"standard","meta":{"tdm_status":"","tdm_grid_status":"","footnotes":""},"categories":[379,467,375,343],"tags":[441],"class_list":{"0":"post-139985","1":"post","2":"type-post","3":"status-publish","4":"format-standard","5":"has-post-thumbnail","7":"category-novelas","8":"category-orgulho-e-paixao","9":"category-rede-globo","10":"category-televisao","11":"tag-resumo-do-dia"},"_links":{"self":[{"href":"https:\/\/migracao.redenoticia.com.br\/noticia\/wp-json\/wp\/v2\/posts\/139985","targetHints":{"allow":["GET"]}}],"collection":[{"href":"https:\/\/migracao.redenoticia.com.br\/noticia\/wp-json\/wp\/v2\/posts"}],"about":[{"href":"https:\/\/migracao.redenoticia.com.br\/noticia\/wp-json\/wp\/v2\/types\/post"}],"author":[{"embeddable":true,"href":"https:\/\/migracao.redenoticia.com.br\/noticia\/wp-json\/wp\/v2\/users\/4"}],"replies":[{"embeddable":true,"href":"https:\/\/migracao.redenoticia.com.br\/noticia\/wp-json\/wp\/v2\/comments?post=139985"}],"version-history":[{"count":0,"href":"https:\/\/migracao.redenoticia.com.br\/noticia\/wp-json\/wp\/v2\/posts\/139985\/revisions"}],"wp:featuredmedia":[{"embeddable":true,"href":"https:\/\/migracao.redenoticia.com.br\/noticia\/wp-json\/wp\/v2\/media\/134200"}],"wp:attachment":[{"href":"https:\/\/migracao.redenoticia.com.br\/noticia\/wp-json\/wp\/v2\/media?parent=139985"}],"wp:term":[{"taxonomy":"category","embeddable":true,"href":"https:\/\/migracao.redenoticia.com.br\/noticia\/wp-json\/wp\/v2\/categories?post=139985"},{"taxonomy":"post_tag","embeddable":true,"href":"https:\/\/migracao.redenoticia.com.br\/noticia\/wp-json\/wp\/v2\/tags?post=139985"}],"curies":[{"name":"wp","href":"https:\/\/api.w.org\/{rel}","templated":true}]}}