{"id":14,"date":"2009-03-28T22:18:00","date_gmt":"2009-03-29T01:18:00","guid":{"rendered":"http:\/\/www.redenoticia.com.br\/noticia\/?p=14"},"modified":"2009-04-10T18:04:25","modified_gmt":"2009-04-10T21:04:25","slug":"calendario-cultural-de-abril-em-ji-parana","status":"publish","type":"post","link":"https:\/\/migracao.redenoticia.com.br\/noticia\/2009\/calendario-cultural-de-abril-em-ji-parana\/14","title":{"rendered":"Calend\u00e1rio Cultural de Abril em Ji-Parana"},"content":{"rendered":"\n<p class=\"MsoNormal\">Em Abril\/09 a Funda\u00e7\u00e3o Cultural de Ji-Paran\u00e1 oferece quatro eventos culturais para p\u00fablico de todas as idades.<\/p>\n<p class=\"MsoNormal\"><span>Come\u00e7a com mais uma temporada da pe\u00e7a infantil &#8220;Lua de Chocolate&#8221;, produzida por Carlos Reis. Conta com elenco de atores locais.<\/span><\/p>\n<p class=\"MsoNormal\"><span>De 14 a 16 acontece a oficina<\/span> &#8220;A\u00e7\u00e3o Educativa em Museu&#8221; em parceria com o IPHAN. Tamb\u00e9m no dia 16, lan\u00e7amento de livros e cd&#8217;s de vencedores dos projetos Colares de Letras e Festival Ra\u00edzes.<\/p>\n<p class=\"MsoNormal\"><span>Dia 22 come\u00e7a a temporada da pe\u00e7a teatral &#8220;Brincadeiras&#8221;.<\/span><\/p>\n<p class=\"MsoNormal\">\n<p class=\"MsoNormal\"><span>Participe.<\/span><\/p>\n<p class=\"MsoNormal\">\n<p class=\"MsoNormal\"><span>Foto Arte Circence Jos\u00e9 Cruz ABr.jpg<\/span><\/p>\n","protected":false},"excerpt":{"rendered":"<p>Em Abril\/09 a Funda\u00e7\u00e3o Cultural de Ji-Paran\u00e1 oferece quatro eventos culturais para p\u00fablico de todas as idades. Come\u00e7a com mais uma temporada da pe\u00e7a infantil &#8220;Lua de Chocolate&#8221;, produzida por Carlos Reis. Conta com elenco de atores locais. De 14 a 16 acontece a oficina &#8220;A\u00e7\u00e3o Educativa em Museu&#8221; em parceria com o IPHAN. Tamb\u00e9m [&hellip;]<\/p>\n","protected":false},"author":2,"featured_media":0,"comment_status":"open","ping_status":"open","sticky":false,"template":"","format":"standard","meta":{"tdm_status":"","tdm_grid_status":"","footnotes":""},"categories":[22],"tags":[],"class_list":{"0":"post-14","1":"post","2":"type-post","3":"status-publish","4":"format-standard","6":"category-brasil"},"_links":{"self":[{"href":"https:\/\/migracao.redenoticia.com.br\/noticia\/wp-json\/wp\/v2\/posts\/14","targetHints":{"allow":["GET"]}}],"collection":[{"href":"https:\/\/migracao.redenoticia.com.br\/noticia\/wp-json\/wp\/v2\/posts"}],"about":[{"href":"https:\/\/migracao.redenoticia.com.br\/noticia\/wp-json\/wp\/v2\/types\/post"}],"author":[{"embeddable":true,"href":"https:\/\/migracao.redenoticia.com.br\/noticia\/wp-json\/wp\/v2\/users\/2"}],"replies":[{"embeddable":true,"href":"https:\/\/migracao.redenoticia.com.br\/noticia\/wp-json\/wp\/v2\/comments?post=14"}],"version-history":[{"count":0,"href":"https:\/\/migracao.redenoticia.com.br\/noticia\/wp-json\/wp\/v2\/posts\/14\/revisions"}],"wp:attachment":[{"href":"https:\/\/migracao.redenoticia.com.br\/noticia\/wp-json\/wp\/v2\/media?parent=14"}],"wp:term":[{"taxonomy":"category","embeddable":true,"href":"https:\/\/migracao.redenoticia.com.br\/noticia\/wp-json\/wp\/v2\/categories?post=14"},{"taxonomy":"post_tag","embeddable":true,"href":"https:\/\/migracao.redenoticia.com.br\/noticia\/wp-json\/wp\/v2\/tags?post=14"}],"curies":[{"name":"wp","href":"https:\/\/api.w.org\/{rel}","templated":true}]}}