{"id":14004,"date":"2009-10-13T17:55:45","date_gmt":"2009-10-13T21:55:45","guid":{"rendered":"http:\/\/www.redenoticia.com.br\/noticia\/?p=14004"},"modified":"2009-10-13T17:55:45","modified_gmt":"2009-10-13T21:55:45","slug":"encontro-em-porto-velho-ro-discutira-participacao-popular-e-controle-social-no-suas","status":"publish","type":"post","link":"https:\/\/migracao.redenoticia.com.br\/noticia\/2009\/encontro-em-porto-velho-ro-discutira-participacao-popular-e-controle-social-no-suas\/14004","title":{"rendered":"Encontro em Porto Velho (RO) discutir\u00e1 participa\u00e7\u00e3o popular e controle social no SUAS"},"content":{"rendered":"<p>A diretora da <strong>Secretaria Nacional de Assist\u00eancia Socia<\/strong>l do Minist\u00e9rio do Desenvolvimento Social e Combate \u00e0 Fome (MDS), Maria Jos\u00e9 de Freitas, e o integrante do Conselho Nacional de Assist\u00eancia Social (CNAS), Carlos Eduardo Ferrari, estar\u00e3o entre os convidados da <strong>Confer\u00eancia de Assist\u00eancia Social de Rond\u00f4nia<\/strong>, que ser\u00e1 aberta nesta quarta-feira (14\/10), \u00e0s 20h, no Rondon Palace Hotel, em Porto Velho. Tamb\u00e9m estar\u00e3o presentes usu\u00e1rios, trabalhadores do setor, representantes de \u00f3rg\u00e3os p\u00fablicos e pessoas interessadas nas quest\u00f5es relativas \u00e0 Pol\u00edtica Nacional de Assist\u00eancia Social.<\/p>\n<p>As quest\u00f5es discutidas nessas confer\u00eancias &#8211; que est\u00e3o acontecendo em todo o Pa\u00eds \u2013 ser\u00e3o levadas \u00e0 VII Confer\u00eancia Nacional de Assist\u00eancia Social, que acontece em Bras\u00edlia, de 30 de novembro a 03 de dezembro deste ano. A Confer\u00eancia de Assist\u00eancia Social de Rond\u00f4nia \u2013 que termina na sexta-feira (16) &#8211; \u00e9 uma iniciativa do Conselho Estadual de Assist\u00eancia Social e do governo local.<\/p>\n<p>Programas \u2013\u00a0\u00a0O Estado de Rond\u00f4nia recebe do Minist\u00e9rio do Desenvolvimento Social e Combate \u00e0 Fome (MDS), por ano, R$ 317,1 milh\u00f5es para execu\u00e7\u00e3o de programas sociais. As a\u00e7\u00f5es nas \u00e1reas de transfer\u00eancia de renda, assist\u00eancia social e seguran\u00e7a alimentar beneficiam 602 mil pessoas. O Bolsa Fam\u00edlia transfere por m\u00eas R$ 10 milh\u00f5es para 112,7 mil fam\u00edlias de Rond\u00f4nia.<\/p>\n<p><em>Ana Soares<\/em><\/p>\n<p><em>ASCOM \/ MDS<\/em><em><\/em><br \/>\nSERVI\u00c7O<\/p>\n<p>Confer\u00eancia de Assist\u00eancia Social de Rond\u00f4nia (RO) &#8211; Participa\u00e7\u00e3o do Minist\u00e9rio do Desenvolvimento Social e Combate \u00e0 Fome (MDS)<\/p>\n<p>Data:\u00a014 a 16 de outubro de 2009\u00a0\u00a0(de quarta a sexta)<br \/>\nHor\u00e1rio:\u00a0Abertura \u00e0s 20h<br \/>\nLocal:\u00a0Rondon, Palace Hotel, Avenida Jorge Teixeira, 491, Porto Velho (RO)<\/p>\n","protected":false},"excerpt":{"rendered":"<p>A diretora da Secretaria Nacional de Assist\u00eancia Social do Minist\u00e9rio do Desenvolvimento Social e Combate \u00e0 Fome (MDS), Maria Jos\u00e9 de Freitas, e o integrante do Conselho Nacional de Assist\u00eancia Social (CNAS), Carlos Eduardo Ferrari, estar\u00e3o entre os convidados da Confer\u00eancia de Assist\u00eancia Social de Rond\u00f4nia, que ser\u00e1 aberta nesta quarta-feira (14\/10), \u00e0s 20h, no [&hellip;]<\/p>\n","protected":false},"author":2,"featured_media":0,"comment_status":"open","ping_status":"open","sticky":false,"template":"","format":"standard","meta":{"tdm_status":"","tdm_grid_status":"","footnotes":""},"categories":[22],"tags":[],"class_list":{"0":"post-14004","1":"post","2":"type-post","3":"status-publish","4":"format-standard","6":"category-brasil"},"_links":{"self":[{"href":"https:\/\/migracao.redenoticia.com.br\/noticia\/wp-json\/wp\/v2\/posts\/14004","targetHints":{"allow":["GET"]}}],"collection":[{"href":"https:\/\/migracao.redenoticia.com.br\/noticia\/wp-json\/wp\/v2\/posts"}],"about":[{"href":"https:\/\/migracao.redenoticia.com.br\/noticia\/wp-json\/wp\/v2\/types\/post"}],"author":[{"embeddable":true,"href":"https:\/\/migracao.redenoticia.com.br\/noticia\/wp-json\/wp\/v2\/users\/2"}],"replies":[{"embeddable":true,"href":"https:\/\/migracao.redenoticia.com.br\/noticia\/wp-json\/wp\/v2\/comments?post=14004"}],"version-history":[{"count":0,"href":"https:\/\/migracao.redenoticia.com.br\/noticia\/wp-json\/wp\/v2\/posts\/14004\/revisions"}],"wp:attachment":[{"href":"https:\/\/migracao.redenoticia.com.br\/noticia\/wp-json\/wp\/v2\/media?parent=14004"}],"wp:term":[{"taxonomy":"category","embeddable":true,"href":"https:\/\/migracao.redenoticia.com.br\/noticia\/wp-json\/wp\/v2\/categories?post=14004"},{"taxonomy":"post_tag","embeddable":true,"href":"https:\/\/migracao.redenoticia.com.br\/noticia\/wp-json\/wp\/v2\/tags?post=14004"}],"curies":[{"name":"wp","href":"https:\/\/api.w.org\/{rel}","templated":true}]}}