{"id":14007,"date":"2009-10-13T18:00:53","date_gmt":"2009-10-13T22:00:53","guid":{"rendered":"http:\/\/www.redenoticia.com.br\/noticia\/?p=14007"},"modified":"2009-10-13T18:00:53","modified_gmt":"2009-10-13T22:00:53","slug":"ultimo-trimestre-de-2009-tera-chuvas-acima-da-media-nas-regioes-centro-oeste-e-norte","status":"publish","type":"post","link":"https:\/\/migracao.redenoticia.com.br\/noticia\/2009\/ultimo-trimestre-de-2009-tera-chuvas-acima-da-media-nas-regioes-centro-oeste-e-norte\/14007","title":{"rendered":"\u00daltimo trimestre de 2009 ter\u00e1 chuvas acima da m\u00e9dia nas regi\u00f5es Centro Oeste e Norte"},"content":{"rendered":"<p>De acordo com o \u00faltimo boletim clim\u00e1tico do\u00a0Sistema de Prote\u00e7\u00e3o da Amaz\u00f4nia (Sipam), conclu\u00eddo semana passada, o pr\u00f3ximo trimestre (outubro, novembro e dezembro) ser\u00e1 de chuvas acima da m\u00e9dia para a por\u00e7\u00e3o sul, sudeste e oeste do Mato Grosso e centro-sul e oeste de Rond\u00f4nia.<\/p>\n<p>O fato repete o ocorrido em setembro, quando a forma\u00e7\u00e3o do fen\u00f4meno El Ni\u00f1o aumentou a circula\u00e7\u00e3o de ventos em altos n\u00edveis da atmosfera, deslocando a massa de ar seco que poderia atuar sobre Rond\u00f4nia e Mato Grosso para o norte da Amaz\u00f4nia. Por isso, notou-se o aumento da precipita\u00e7\u00e3o nesses estados (sobretudo no norte e nordeste do Mato Grosso), enquanto o Amazonas registrou tempo seco, que acabou favorecendo a ocorr\u00eancia de queimadas.<\/p>\n<p>J\u00e1 as temperaturas para os pr\u00f3ximos meses dever\u00e3o ficar acima da m\u00e9dia em quase toda a regi\u00e3o Amaz\u00f4nica. Somente\u00a0o Centro-Sul do Mato Grosso\u00a0dever\u00e1 ficar ligeiramente abaixo da m\u00e9dia\u00a0devido a epis\u00f3dios de ZCAS (Zona de Converg\u00eancia do Atl\u00e2ntico Sul), uma faixa de nebulosidade orientada no sentido noroeste-sudeste, que se estende do sul da Amaz\u00f4nia ao Atl\u00e2ntico Sul-Central nos meses de ver\u00e3o.<\/p>\n<p><strong>Temporais nessa semana<\/strong><\/p>\n<p>Nessa semana, a meteorologia prev\u00ea que as chuvas iniciadas desde a noite de segunda-feira (12) devem acontecer at\u00e9 sexta-feira. Os dias ser\u00e3o nublados, com pancadas de chuva e trovoadas. Isso acontece devido \u00e0 presen\u00e7a de uma frente fria sobre a regi\u00e3o sudeste, que traz zonas de instabilidade para a por\u00e7\u00e3o sul da Amaz\u00f4nia. O tempo chuvoso atinge sobretudo o sul do Amazonas, noroeste do Mato Grosso, centro-norte de Rond\u00f4nia e Acre.<\/p>\n<p>Segundo o meteorologista Luiz Alves, os temporais s\u00e3o comuns entre os meses de setembro e outubro, quando a regi\u00e3o est\u00e1 em transi\u00e7\u00e3o para a esta\u00e7\u00e3o chuvosa, o que requer aten\u00e7\u00e3o da popula\u00e7\u00e3o devido aos fortes ventos e raios. \u201cNessa semana, as chuvas ir\u00e3o cair pesadas principalmente entre quinta e sexta-feira\u201d, adianta o meteorologista. Como a temperatura tende a cair quando chove, os rondonienses poder\u00e3o desfrutar de um tempo um pouco mais ameno nessa semana, entretanto, o morma\u00e7o continua e os term\u00f4metros n\u00e3o sofrer\u00e3o queda significativa, variando entre 35 \u00baC e 21 \u00baC.<\/p>\n","protected":false},"excerpt":{"rendered":"<p>De acordo com o \u00faltimo boletim clim\u00e1tico do\u00a0Sistema de Prote\u00e7\u00e3o da Amaz\u00f4nia (Sipam), conclu\u00eddo semana passada, o pr\u00f3ximo trimestre (outubro, novembro e dezembro) ser\u00e1 de chuvas acima da m\u00e9dia para a por\u00e7\u00e3o sul, sudeste e oeste do Mato Grosso e centro-sul e oeste de Rond\u00f4nia. O fato repete o ocorrido em setembro, quando a forma\u00e7\u00e3o [&hellip;]<\/p>\n","protected":false},"author":2,"featured_media":0,"comment_status":"open","ping_status":"open","sticky":false,"template":"","format":"standard","meta":{"tdm_status":"","tdm_grid_status":"","footnotes":""},"categories":[327],"tags":[],"class_list":{"0":"post-14007","1":"post","2":"type-post","3":"status-publish","4":"format-standard","6":"category-clima"},"_links":{"self":[{"href":"https:\/\/migracao.redenoticia.com.br\/noticia\/wp-json\/wp\/v2\/posts\/14007","targetHints":{"allow":["GET"]}}],"collection":[{"href":"https:\/\/migracao.redenoticia.com.br\/noticia\/wp-json\/wp\/v2\/posts"}],"about":[{"href":"https:\/\/migracao.redenoticia.com.br\/noticia\/wp-json\/wp\/v2\/types\/post"}],"author":[{"embeddable":true,"href":"https:\/\/migracao.redenoticia.com.br\/noticia\/wp-json\/wp\/v2\/users\/2"}],"replies":[{"embeddable":true,"href":"https:\/\/migracao.redenoticia.com.br\/noticia\/wp-json\/wp\/v2\/comments?post=14007"}],"version-history":[{"count":0,"href":"https:\/\/migracao.redenoticia.com.br\/noticia\/wp-json\/wp\/v2\/posts\/14007\/revisions"}],"wp:attachment":[{"href":"https:\/\/migracao.redenoticia.com.br\/noticia\/wp-json\/wp\/v2\/media?parent=14007"}],"wp:term":[{"taxonomy":"category","embeddable":true,"href":"https:\/\/migracao.redenoticia.com.br\/noticia\/wp-json\/wp\/v2\/categories?post=14007"},{"taxonomy":"post_tag","embeddable":true,"href":"https:\/\/migracao.redenoticia.com.br\/noticia\/wp-json\/wp\/v2\/tags?post=14007"}],"curies":[{"name":"wp","href":"https:\/\/api.w.org\/{rel}","templated":true}]}}