{"id":140105,"date":"2019-04-30T21:42:37","date_gmt":"2019-05-01T00:42:37","guid":{"rendered":"https:\/\/www.redenoticia.com.br\/noticia\/?p=140105"},"modified":"2019-04-30T23:11:04","modified_gmt":"2019-05-01T02:11:04","slug":"power-couple-brasil-2018-participantes","status":"publish","type":"post","link":"https:\/\/migracao.redenoticia.com.br\/noticia\/2019\/power-couple-brasil-2018-participantes\/140105","title":{"rendered":"&#8220;Power Couple Brasil&#8221; 2019: participantes e estr\u00e9ia"},"content":{"rendered":"<p><strong><em><img loading=\"lazy\" decoding=\"async\" class=\"aligncenter size-large wp-image-140067\" src=\"https:\/\/migracao.redenoticia.com.br\/noticia\/imagens\/Power-Couple-Brasil-Gugu-enquete-300x300.jpg\" alt=\"\" width=\"300\" height=\"300\" srcset=\"https:\/\/migracao.redenoticia.com.br\/noticia\/imagens\/Power-Couple-Brasil-Gugu-enquete.jpg 300w, https:\/\/migracao.redenoticia.com.br\/noticia\/imagens\/Power-Couple-Brasil-Gugu-enquete-187x187.jpg 187w, https:\/\/migracao.redenoticia.com.br\/noticia\/imagens\/Power-Couple-Brasil-Gugu-enquete-150x150.jpg 150w, https:\/\/migracao.redenoticia.com.br\/noticia\/imagens\/Power-Couple-Brasil-Gugu-enquete-110x110.jpg 110w, https:\/\/migracao.redenoticia.com.br\/noticia\/imagens\/Power-Couple-Brasil-Gugu-enquete-50x50.jpg 50w\" sizes=\"auto, (max-width: 300px) 100vw, 300px\" \/><\/em><\/strong><\/p>\n<p><strong><em>&#8220;Power Couple Brasil&#8221; 2019 participantes<\/em><\/strong>: O programa &#8220;Power Couple Brasil&#8221; 2019, divulgou os nomes dos poss\u00edveis casais que participar\u00e3o da disputa. Apresentado por <strong><em>Gugu Liberato<\/em><\/strong>, o &#8220;Power Couple Brasil&#8221; estr\u00e9ia em 30 de abril, repleto de novidades. A nova temporada do reality show ser\u00e1 exibida de segunda a sexta-feira, ap\u00f3s o Jornal da Record. Al\u00e9m das novas din\u00e2micas envolvendo os maridos e as esposas que estar\u00e3o na competi\u00e7\u00e3o, o programa ter\u00e1 espa\u00e7o para mostrar a conviv\u00eancia dos casais, que estar\u00e3o confinados na casa localizada em Itapecerica da Serra, na Grande S\u00e3o Paulo, totalmente redecorada.<\/p>\n<p>Destaque:<\/p>\n<p>Competidores &#8220;Power Couple Brasil&#8221; 2019:<\/p>\n<p>01- apresentadora e atriz Ju Valc\u00e9zia e Ricardo Manga, ator e produtor;<br \/>\n02- ator e comediante Lucas Salles e Camila Colombo, produtora;<br \/>\n03- atriz e veterin\u00e1ria Debby Lagranha e Leandro Amieiro, veterin\u00e1rio;<br \/>\n04- cantor Enrico Mansur e Faby Monarca, atriz e modelo;<br \/>\n05- jornalista e influenciadora digital Kamilla Salgado e Eli\u00e9ser Ambr\u00f3sio, DJ e influenciador digital;<br \/>\n06- modelo Maikel Castro e Jackie Sampaio, rela\u00e7\u00f5es p\u00fablicas;<br \/>\n07- m\u00fasico Marcelo Tchakabum e Elaine Costa, dan\u00e7arina;<br \/>\n08- empres\u00e1rio Daniel Saullo e Mariana Fel\u00edcio, empres\u00e1ria;<br \/>\n09- atleta profissional Paula Pequeno e Alexandre Folhas, empres\u00e1rio;<br \/>\n10- DJ e cantora Taty Zatto e Marcelo Braga, empres\u00e1rio;<br \/>\n11- empres\u00e1rio Andr\u00e9 Coelho e Clara Maia empres\u00e1ria e influenciadora;<br \/>\n12- jornalista e humorista Nicole Bahls e Marcelo Bimbi, Modelo;<br \/>\n13- cantor e comunicador Andr\u00e9 Marinho e Drika Marinho, fot\u00f3grafa e bailarina.<\/p>\n<p>Na estreia, o &#8220;Power Couple Brasil&#8221; ser\u00e1 especial. Os&nbsp; casais da temporada ser\u00e3o apresentados e tamb\u00e9m haver\u00e1 a revela\u00e7\u00e3o de como cada um dos quartos foi escolhido por eles. Os c\u00f4modos contar\u00e3o com uma decora\u00e7\u00e3o tem\u00e1tica. O casal com menos dinheiro ficar\u00e1 hospedado em um quarto \u201cperrengue\u201d. Desta vez, este espa\u00e7o promete surpreender e acirrar os \u00e2nimos dos confinados.<\/p>\n<p>Assim como nas edi\u00e7\u00f5es anteriores do &#8220;Power Couple Brasil&#8221;, marido e esposa precisar\u00e3o confiar um no outro e realizar apostas de at\u00e9 R$ 40 mil. Caso cumpram a tarefa proposta, ficam com esse dinheiro, que ser\u00e1 acumulado at\u00e9 a grande final do programa. Ser\u00e1 justamente este valor arrecadado ao longo de toda a temporada por cada casal que virar\u00e1 o pr\u00eamio da dupla vencedora.<\/p>\n<p>Din\u00e2mica da temporada 2019 do &#8220;Power Couple Brasil&#8221;:<\/p>\n<p>Segunda-feira: Prova dos casais e defini\u00e7\u00e3o de quais duplas v\u00e3o para a DR;<\/p>\n<p>Ter\u00e7a-feira: Programa ao vivo e de elimina\u00e7\u00e3o, com plateia. Tr\u00eas casais v\u00e3o para a DR. Um deles ser\u00e1 salvo pelos outros participantes. Apenas dois casais v\u00e3o disputar a prefer\u00eancia do p\u00fablico, que votar\u00e1 no casal preferido para permanecer no jogo;<\/p>\n<p>Quarta-feira: Repercuss\u00e3o da elimina\u00e7\u00e3o do casal;<\/p>\n<p>Quinta-feira: sala de apostas e Prova dos homens ou das mulheres;<\/p>\n<p>Sexta-feira: sala de apostas e Prova dos homens ou das mulheres.<\/p>\n<p>Fonte R7 &#8220;Power Couple Brasil&#8221;<\/p>\n","protected":false},"excerpt":{"rendered":"<p>&#8220;Power Couple Brasil&#8221; 2019 participantes: O programa &#8220;Power Couple Brasil&#8221; 2019, divulgou os nomes dos poss\u00edveis casais que participar\u00e3o da disputa. Apresentado por Gugu Liberato, o &#8220;Power Couple Brasil&#8221; estr\u00e9ia em 30 de abril, repleto de novidades. A nova temporada do reality show ser\u00e1 exibida de segunda a sexta-feira, ap\u00f3s o Jornal da Record. Al\u00e9m [&hellip;]<\/p>\n","protected":false},"author":2,"featured_media":174717,"comment_status":"open","ping_status":"closed","sticky":false,"template":"","format":"standard","meta":{"tdm_status":"","tdm_grid_status":"","footnotes":""},"categories":[469,371,343],"tags":[521,470],"class_list":{"0":"post-140105","1":"post","2":"type-post","3":"status-publish","4":"format-standard","5":"has-post-thumbnail","7":"category-power-couple-brasil","8":"category-rede-record","9":"category-televisao","10":"tag-enquete","11":"tag-power-couple-brasil"},"_links":{"self":[{"href":"https:\/\/migracao.redenoticia.com.br\/noticia\/wp-json\/wp\/v2\/posts\/140105","targetHints":{"allow":["GET"]}}],"collection":[{"href":"https:\/\/migracao.redenoticia.com.br\/noticia\/wp-json\/wp\/v2\/posts"}],"about":[{"href":"https:\/\/migracao.redenoticia.com.br\/noticia\/wp-json\/wp\/v2\/types\/post"}],"author":[{"embeddable":true,"href":"https:\/\/migracao.redenoticia.com.br\/noticia\/wp-json\/wp\/v2\/users\/2"}],"replies":[{"embeddable":true,"href":"https:\/\/migracao.redenoticia.com.br\/noticia\/wp-json\/wp\/v2\/comments?post=140105"}],"version-history":[{"count":0,"href":"https:\/\/migracao.redenoticia.com.br\/noticia\/wp-json\/wp\/v2\/posts\/140105\/revisions"}],"wp:featuredmedia":[{"embeddable":true,"href":"https:\/\/migracao.redenoticia.com.br\/noticia\/wp-json\/wp\/v2\/media\/174717"}],"wp:attachment":[{"href":"https:\/\/migracao.redenoticia.com.br\/noticia\/wp-json\/wp\/v2\/media?parent=140105"}],"wp:term":[{"taxonomy":"category","embeddable":true,"href":"https:\/\/migracao.redenoticia.com.br\/noticia\/wp-json\/wp\/v2\/categories?post=140105"},{"taxonomy":"post_tag","embeddable":true,"href":"https:\/\/migracao.redenoticia.com.br\/noticia\/wp-json\/wp\/v2\/tags?post=140105"}],"curies":[{"name":"wp","href":"https:\/\/api.w.org\/{rel}","templated":true}]}}