{"id":140147,"date":"2018-04-23T22:50:46","date_gmt":"2018-04-24T01:50:46","guid":{"rendered":"https:\/\/www.redenoticia.com.br\/noticia\/?p=140147"},"modified":"2018-04-24T01:16:06","modified_gmt":"2018-04-24T04:16:06","slug":"resumo-novela-chiquititas-24-04-dani-coloca-terra-no-sanduiche-de-diego","status":"publish","type":"post","link":"https:\/\/migracao.redenoticia.com.br\/noticia\/2018\/resumo-novela-chiquititas-24-04-dani-coloca-terra-no-sanduiche-de-diego\/140147","title":{"rendered":"Resumo novela \u201cChiquititas\u201d 24\/04: Dani coloca terra no sandu\u00edche de Diego"},"content":{"rendered":"<p><img loading=\"lazy\" decoding=\"async\" class=\"alignleft size-thumbnail wp-image-49690\" src=\"https:\/\/migracao.redenoticia.com.br\/noticia\/imagens\/chiquititas1-150x112.jpg\" alt=\"chiquititas\" width=\"150\" height=\"112\" \/><strong><em>Resumo novela \u201cChiquititas\u201d 24\/04<\/em><\/strong>: no cap\u00edtulo 421(*) da novela \u201cChiquititas\u201d, resumo de ter\u00e7a-feira, 24 de abril, Neco visita Lucia, diz que se preocupa com a sa\u00fade da menina e por isso n\u00e3o fugir\u00e1 mais com ela. Lucia se esfor\u00e7a para aprender a falar novas palavras. Na casa do tio, Bia v\u00ea uma foto de sua m\u00e3e e diz que ela era bonita. O homem tamb\u00e9m entrega para Bia um xale que a m\u00e3e dela usava na \u00e9poca que estava gr\u00e1vida. Marian fala para Gabi que n\u00e3o se preocupa com o resultado do DNA. Mili diz para Marian que est\u00e1 arrumada para ir passear com Mosca. Marian aproveita que Mili est\u00e1 cega e diz que ela est\u00e1 p\u00e1lida. Marian faz maquiagem de Mili, que fica toda borrada. No encontro, Mosca avisa Mili que a maquiagem est\u00e1 borrada e exagerada. <\/p>\n<p>A vil\u00e3 mente e diz que Mili est\u00e1 linda. Carol e Junior fazem piquenique com as chiquititas no parque. Vivi s\u00f3 tira selfies e irrita Cris. Dani apronta com Diego ao colocar terra dentro do sandu\u00edche do menino. Na mans\u00e3o dos Almeida Campos, Duda avisa a fam\u00edlia que chegou com sua namorada, Pata, para almo\u00e7ar. Maria Cec\u00edlia falta mais uma vez no trabalho por estar sentindo muita falta de Tobias. Eduarda tenta consolar a filha. \u00c9rica e Beto cantam a m\u00fasica \u2018Sozinho\u2019 no Caf\u00e9 Boutique. Diego morde o sandu\u00edche com terra. Carol chama a aten\u00e7\u00e3o de Dani e diz que n\u00e3o quer mais atitudes como essa. Na lanchonete, Mosca diz coisas belas sobre Mili e a deixa emocionada. <\/p>\n<p>Mili volta e questiona o motivo pelo qual Marian fez uma maquiagem para ela passar vergonha. Marian diz que Mosca n\u00e3o entende de maquiagem. Gabi escuta a discuss\u00e3o, pede desculpa e se faz de v\u00edtima. Bia conta para Carol sobre os \u00faltimos acontecimentos, como ter reencontrado o tio. Carol diz que ir\u00e1 verifica tudo para Bia n\u00e3o se preocupar. Helena vai ao quarto da neta, L\u00facia, que est\u00e1 dormindo e v\u00ea um papel de bala. Na escola, Dani pede para falar com Maria e pela primeira vez pede desculpa por tudo. As duas fazem as pazes. No orfanato, Helena encontra no quarto dos meninos, ao da cama de Neco, o mesmo papel de bala que viu no quarto de L\u00facia.<\/p>\n<p>(*) edi\u00e7\u00e3o do SBT, Novela \u201cChiquititas\u201d, sujeito a altera\u00e7\u00e3o de data e conte\u00fado.<\/p>\n<p>Chiquititas gira em torno do orfanato Raio de Luz, que carrega em sua hist\u00f3ria um grande segredo envolvendo a fam\u00edlia e o dono do orfanato, Dr. Jos\u00e9 Ricardo Almeida Campos. Em um per\u00edodo anterior \u00e0 novela, exatos treze anos, sua filha Gabriela se apaixonou e ficou gr\u00e1vida de Miguel, filho de Valentina, empregada da casa dos Almeida Campos. Pouco depois, Jos\u00e9 Ricardo sequestrou sua neta, pois, como um homem conservador, ele n\u00e3o aceitava a ideia de que sua filha se envolvesse com um empregado. Como sua neta, Milena, apelidada como Mili, precisava de um lugar para morar, ele comprou um casar\u00e3o e fundou um orfanato, o Raio de Luz. Mili cresceu l\u00e1 com outras garotas que chegaram posteriormente: Bia, Ana, as irm\u00e3s Tati e Vivi, e Cris. Ao decorrer dos anos, elas se tornam uma fam\u00edlia. Elas s\u00e3o supervisionadas por Ernestina, zeladora do orfanato, e Chico, o cozinheiro amado pelas internas. Sofia, ex-governanta da fam\u00edlia Almeida Campos, \u00e9 a diretora do lugar, at\u00e9 que Carmem, irm\u00e3 de Jos\u00e9 Ricardo, entre em seu lugar. Chegam ainda mais \u00f3rf\u00e3os: Pata, Mosca, Binho e Rafa, que viviam nas ruas antes de entrarem na institui\u00e7\u00e3o. Pata e Mili tornam-se amigas rapidamente, enquanto Mosca, Binho e Rafa s\u00e3o os primeiros garotos a entrar no abrigo. As crian\u00e7as sem-teto foram ajudadas por uma doce e bela garota que tocam e mudam a vida delas, assim como as das garotas \u00f3rf\u00e3s.<\/p>\n","protected":false},"excerpt":{"rendered":"<p>Resumo novela \u201cChiquititas\u201d 24\/04: no cap\u00edtulo 421(*) da novela \u201cChiquititas\u201d, resumo de ter\u00e7a-feira, 24 de abril, Neco visita Lucia, diz que se preocupa com a sa\u00fade da menina e por isso n\u00e3o fugir\u00e1 mais com ela. Lucia se esfor\u00e7a para aprender a falar novas palavras. Na casa do tio, Bia v\u00ea uma foto de sua [&hellip;]<\/p>\n","protected":false},"author":4,"featured_media":49690,"comment_status":"open","ping_status":"closed","sticky":false,"template":"","format":"standard","meta":{"tdm_status":"","tdm_grid_status":"","footnotes":""},"categories":[409,379,372,343],"tags":[441],"class_list":{"0":"post-140147","1":"post","2":"type-post","3":"status-publish","4":"format-standard","5":"has-post-thumbnail","7":"category-chiquititas","8":"category-novelas","9":"category-sbt","10":"category-televisao","11":"tag-resumo-do-dia"},"_links":{"self":[{"href":"https:\/\/migracao.redenoticia.com.br\/noticia\/wp-json\/wp\/v2\/posts\/140147","targetHints":{"allow":["GET"]}}],"collection":[{"href":"https:\/\/migracao.redenoticia.com.br\/noticia\/wp-json\/wp\/v2\/posts"}],"about":[{"href":"https:\/\/migracao.redenoticia.com.br\/noticia\/wp-json\/wp\/v2\/types\/post"}],"author":[{"embeddable":true,"href":"https:\/\/migracao.redenoticia.com.br\/noticia\/wp-json\/wp\/v2\/users\/4"}],"replies":[{"embeddable":true,"href":"https:\/\/migracao.redenoticia.com.br\/noticia\/wp-json\/wp\/v2\/comments?post=140147"}],"version-history":[{"count":0,"href":"https:\/\/migracao.redenoticia.com.br\/noticia\/wp-json\/wp\/v2\/posts\/140147\/revisions"}],"wp:featuredmedia":[{"embeddable":true,"href":"https:\/\/migracao.redenoticia.com.br\/noticia\/wp-json\/wp\/v2\/media\/49690"}],"wp:attachment":[{"href":"https:\/\/migracao.redenoticia.com.br\/noticia\/wp-json\/wp\/v2\/media?parent=140147"}],"wp:term":[{"taxonomy":"category","embeddable":true,"href":"https:\/\/migracao.redenoticia.com.br\/noticia\/wp-json\/wp\/v2\/categories?post=140147"},{"taxonomy":"post_tag","embeddable":true,"href":"https:\/\/migracao.redenoticia.com.br\/noticia\/wp-json\/wp\/v2\/tags?post=140147"}],"curies":[{"name":"wp","href":"https:\/\/api.w.org\/{rel}","templated":true}]}}