{"id":140320,"date":"2018-04-26T15:34:34","date_gmt":"2018-04-26T18:34:34","guid":{"rendered":"https:\/\/www.redenoticia.com.br\/noticia\/?p=140320"},"modified":"2018-04-26T15:34:34","modified_gmt":"2018-04-26T18:34:34","slug":"resumo-novela-o-outro-lado-do-paraiso-26-04-caetana-revela-sobre-sophia-para-clara","status":"publish","type":"post","link":"https:\/\/migracao.redenoticia.com.br\/noticia\/2018\/resumo-novela-o-outro-lado-do-paraiso-26-04-caetana-revela-sobre-sophia-para-clara\/140320","title":{"rendered":"Resumo novela \u201cO Outro Lado do Para\u00edso\u201d 26\/04: Caetana revela sobre Sophia para Clara"},"content":{"rendered":"<p> <img loading=\"lazy\" decoding=\"async\" class=\"alignleft size-thumbnail wp-image-122062\" src=\"https:\/\/migracao.redenoticia.com.br\/noticia\/imagens\/o-outro-lado-do-paraiso-novela-globo-resumo-150x112.jpg\" alt=\"\" width=\"150\" height=\"112\" srcset=\"https:\/\/migracao.redenoticia.com.br\/noticia\/imagens\/o-outro-lado-do-paraiso-novela-globo-resumo-150x112.jpg 150w, https:\/\/migracao.redenoticia.com.br\/noticia\/imagens\/o-outro-lado-do-paraiso-novela-globo-resumo-265x198.jpg 265w\" sizes=\"auto, (max-width: 150px) 100vw, 150px\" \/><strong><em>Resumo novela \u201cO Outro Lado do Para\u00edso\u201d 26\/04 <\/em><\/strong>: no cap\u00edtulo 160(*) da novela \u201cO Outro Lado do Para\u00edso\u201d, resumo de quinta-feira, 26 de abril, Clara se diverte com Gael durante um passeio. Patrick afirma a Clara que, com as informa\u00e7\u00f5es que reuniu, Bruno j\u00e1 pode abrir um inqu\u00e9rito contra Sophia. Patrick alerta Clara sobre Gael e o advogado confessa que ainda a ama. Samuel anuncia que N\u00e1dia e Gustavo ir\u00e3o jantar em sua casa, e Cido \u00e9 convocado para fazer o banquete. Renan pede Beth em casamento. Adriana decide dar uma chance para Nicolau. Caetana revela tudo o que sabe sobre Sophia para Clara. Mercedes consegue convencer Caetana a atrair Sophia para uma emboscada.<\/p>\n<p>(*) edi\u00e7\u00e3o da Rede Globo, Novela \u201cO Outro Lado do Para\u00edso\u201d, sujeito a altera\u00e7\u00e3o de data e conte\u00fado.<\/p>\n<p>A trama \u201cO Outro Lado do Para\u00edso\u201d tem duas fases e se inicia no Tocantins. A primeira fase, ambientada no ano de 2007, apresenta a professora Clara (Bianca Bin), uma jovem \u00f3rf\u00e3 de m\u00e3e e inocente quando se trata de assuntos amorosos, que vive com o av\u00f4, o dono de bar Josaf\u00e1 (Lima Duarte) no Jalap\u00e3o. Ela conhece Gael (Sergio Guiz\u00e9), um herdeiro de uma fam\u00edlia decadente de Palmas, e acaba se apaixonando por ele. No entanto, Clara sofre por seu temperamento explosivo e extremamente machista, mas acaba sendo aconselhada por Sophia (Marieta Severo), sua sogra, a ser compreensiva. A rela\u00e7\u00e3o das duas esconde uma ambi\u00e7\u00e3o pelas terras de Josaf\u00e1, onde fora descoberto uma mina de esmeraldas desativada, na qual nem ele nem a neta possui o menor interesse em explorar, ap\u00f3s uma trag\u00e9dia que vitima o pai de Clara e filho de Josaf\u00e1, Jonas (Eucir de Souza). Sophia, mulher dominadora, interesseira, ardilosa e falsa, arma um plano para se livrar de Clara, acabando por internar a nora numa cl\u00ednica por 10 anos.<\/p>\n<p>A segunda fase, nos dias atuais, apresenta Clara tentando fugir da cl\u00ednica psiqui\u00e1trica, sem entender como foi parar ali, mas descobre foi v\u00edtima de um grande golpe, tendo como \u00fanica amiga no local a misteriosa Beatriz (Nathalia Timberg). No local, reencontra o m\u00e9dico Renato (Rafael Cardoso), um amigo apaixonado por ela, que ir\u00e1 ajud\u00e1-la em seu plano de vingan\u00e7a contra sete pessoas: Sophia, Gael, a sensual e perigosa cunhada L\u00edvia (Grazi Massafera), o juiz Gustavo (Lu\u00eds Melo) e sua esposa N\u00e1dia (Eliane Giardini), o psiquiatra Samuel (Eriberto Le\u00e3o) e o delegado Bernardo (Fl\u00e1vio Tolezani), ao mesmo tempo que tenta reencontrar o filho Tomaz (Vitor Figueiredo), criado pelo pai e pela av\u00f3, alguns dos algozes de Clara.<\/p>\n","protected":false},"excerpt":{"rendered":"<p>Resumo novela \u201cO Outro Lado do Para\u00edso\u201d 26\/04 : no cap\u00edtulo 160(*) da novela \u201cO Outro Lado do Para\u00edso\u201d, resumo de quinta-feira, 26 de abril, Clara se diverte com Gael durante um passeio. Patrick afirma a Clara que, com as informa\u00e7\u00f5es que reuniu, Bruno j\u00e1 pode abrir um inqu\u00e9rito contra Sophia. Patrick alerta Clara sobre [&hellip;]<\/p>\n","protected":false},"author":2,"featured_media":124521,"comment_status":"open","ping_status":"closed","sticky":false,"template":"","format":"standard","meta":{"tdm_status":"","tdm_grid_status":"","footnotes":""},"categories":[379,462,375,343],"tags":[441],"class_list":{"0":"post-140320","1":"post","2":"type-post","3":"status-publish","4":"format-standard","5":"has-post-thumbnail","7":"category-novelas","8":"category-o-outro-lado-do-paraiso","9":"category-rede-globo","10":"category-televisao","11":"tag-resumo-do-dia"},"_links":{"self":[{"href":"https:\/\/migracao.redenoticia.com.br\/noticia\/wp-json\/wp\/v2\/posts\/140320","targetHints":{"allow":["GET"]}}],"collection":[{"href":"https:\/\/migracao.redenoticia.com.br\/noticia\/wp-json\/wp\/v2\/posts"}],"about":[{"href":"https:\/\/migracao.redenoticia.com.br\/noticia\/wp-json\/wp\/v2\/types\/post"}],"author":[{"embeddable":true,"href":"https:\/\/migracao.redenoticia.com.br\/noticia\/wp-json\/wp\/v2\/users\/2"}],"replies":[{"embeddable":true,"href":"https:\/\/migracao.redenoticia.com.br\/noticia\/wp-json\/wp\/v2\/comments?post=140320"}],"version-history":[{"count":0,"href":"https:\/\/migracao.redenoticia.com.br\/noticia\/wp-json\/wp\/v2\/posts\/140320\/revisions"}],"wp:featuredmedia":[{"embeddable":true,"href":"https:\/\/migracao.redenoticia.com.br\/noticia\/wp-json\/wp\/v2\/media\/124521"}],"wp:attachment":[{"href":"https:\/\/migracao.redenoticia.com.br\/noticia\/wp-json\/wp\/v2\/media?parent=140320"}],"wp:term":[{"taxonomy":"category","embeddable":true,"href":"https:\/\/migracao.redenoticia.com.br\/noticia\/wp-json\/wp\/v2\/categories?post=140320"},{"taxonomy":"post_tag","embeddable":true,"href":"https:\/\/migracao.redenoticia.com.br\/noticia\/wp-json\/wp\/v2\/tags?post=140320"}],"curies":[{"name":"wp","href":"https:\/\/api.w.org\/{rel}","templated":true}]}}