{"id":14044,"date":"2009-10-13T22:21:54","date_gmt":"2009-10-14T02:21:54","guid":{"rendered":"http:\/\/www.redenoticia.com.br\/noticia\/?p=14044"},"modified":"2009-10-13T22:21:54","modified_gmt":"2009-10-14T02:21:54","slug":"previsao-do-tempo-%e2%80%93-meteorologia-indica-chuva-em-grande-parte-do-brasil","status":"publish","type":"post","link":"https:\/\/migracao.redenoticia.com.br\/noticia\/2009\/previsao-do-tempo-%e2%80%93-meteorologia-indica-chuva-em-grande-parte-do-brasil\/14044","title":{"rendered":"Previs\u00e3o do tempo \u2013 meteorologia indica chuva em grande parte do Brasil"},"content":{"rendered":"<p><a href=\"https:\/\/migracao.redenoticia.com.br\/noticia\/imagens\/\/previsaotempo0609.jpg\"><img loading=\"lazy\" decoding=\"async\" class=\"alignleft size-full wp-image-10839\" title=\"previsaotempo0609\" src=\"https:\/\/migracao.redenoticia.com.br\/noticia\/imagens\/\/previsaotempo0609.jpg\" alt=\"previsaotempo0609\" width=\"150\" height=\"113\" srcset=\"https:\/\/migracao.redenoticia.com.br\/noticia\/imagens\/previsaotempo0609.jpg 150w, https:\/\/migracao.redenoticia.com.br\/noticia\/imagens\/previsaotempo0609-148x112.jpg 148w\" sizes=\"auto, (max-width: 150px) 100vw, 150px\" \/><\/a><strong>Previs\u00e3o do tempo<\/strong> \u2013 segundo a <strong>meteorologia<\/strong>, nesta quarta-feira (<strong>14\/10<\/strong>), \u00e1reas de instabilidade provocar\u00e3o pancadas de chuva forte entre o norte do RS e o PR, oeste de SP e sul de MS. Tamb\u00e9m por causa do calor e elevada umidade do ar grande parte da Regi\u00e3o Sudeste, da Regi\u00e3o Centro-Oeste e da Regi\u00e3o Norte ter\u00e3o pancadas de chuva, que poder\u00e3o ser localmente fortes em algumas \u00e1reas. No RJ as chances de pancadas de chuva s\u00e3o para a regi\u00e3o serrana. Entre o leste e o Vale do Para\u00edba e Litoral Norte de SP haver\u00e1 possibilidade de pancadas de chuva a partir da tarde. No sul e oeste do RS as pancadas de chuva ocorrer\u00e3o entre o fim da tarde e a noite devido a chegada de uma frente fria.<\/p>\n<p>No oeste de noroeste de MS haver\u00e1 varia\u00e7\u00e3o de nebulosidade. No semi-\u00e1rido do Nordeste, no litoral e leste da BA, litoral entre SE e o RN e no litoral entre o CE e o AP haver\u00e1 possibilidade de pancadas de chuva. Nas outras \u00e1reas do Nordeste, do AP e do nordeste do PA o dia ser\u00e1 com poucas nuvens. As temperaturas estar\u00e3o elevadas no Nordeste e no Sudeste e em eleva\u00e7\u00e3o no Sul.<\/p>\n<p>Dever\u00e3o ocorrer chuvas fortes localizadas sobre o noroeste do RS, centro-oeste de SC, grande parte do PR, centro-sul e leste de MS, sul e centro-oeste de SP, Tri\u00e2ngulo Mineiro, sul e centro-oeste de GO, TO, extremo oeste da BA, MT, centro-sul do PA, AC, RO e AM.<\/p>\n<p>Em virtude de poss\u00edveis altera\u00e7\u00f5es da previs\u00e3o de tempo, o GPT recomenda acompanhar as peri\u00f3dicas atualiza\u00e7\u00f5es deste aviso. Em situa\u00e7\u00f5es de risco consulte a <a href=\"http:\/\/www.defesacivil.gov.br\/sindec\/estados\/index.asp\" target=\"_blank\">Defesa Civil<\/a>.<\/p>\n<p>O Centro de Previs\u00e3o de Tempo e Estudos Clim\u00e1ticos \u2013 CPTEC, do Instituto Nacional de Pesquisas Espaciais \u2013 INPE \u00e9 o passaporte do Brasil para o primeiro mundo das previs\u00f5es meteorol\u00f3gicas. Os supercomputadores vetoriais SX-6 e SX-4 fabricados pela NEC Corporation do Jap\u00e3o, possuem capacidade de processar at\u00e9 768 bilh\u00f5es e 16 bilh\u00f5es de opera\u00e7\u00f5es aritm\u00e9ticas em ponto flutuante por segundo respectivamente. Recentemente adquirido da \u201cNEC Corporation do Jap\u00e3o\u201d um cluster com 1100 processadores fabricado pela \u201cSUN Microsystem\u201d com a capacidade de processar at\u00e9 5.7 trilh\u00f5es de opera\u00e7\u00f5es aritm\u00e9ticas em ponto flutuante por segundo. Isso significa possibilidade de utilizar modelos num\u00e9ricos para simula\u00e7\u00e3o de tempo e clima, integrando informa\u00e7\u00f5es atmosf\u00e9ricas e oce\u00e2nicas. O resultado disso s\u00e3o previs\u00f5es de tempo confi\u00e1veis, para todo o pa\u00eds.\u00a0<\/p>\n<p>CPTEC\/INPE<\/p>\n","protected":false},"excerpt":{"rendered":"<p>Previs\u00e3o do tempo \u2013 segundo a meteorologia, nesta quarta-feira (14\/10), \u00e1reas de instabilidade provocar\u00e3o pancadas de chuva forte entre o norte do RS e o PR, oeste de SP e sul de MS. Tamb\u00e9m por causa do calor e elevada umidade do ar grande parte da Regi\u00e3o Sudeste, da Regi\u00e3o Centro-Oeste e da Regi\u00e3o Norte [&hellip;]<\/p>\n","protected":false},"author":3,"featured_media":0,"comment_status":"open","ping_status":"open","sticky":false,"template":"","format":"standard","meta":{"tdm_status":"","tdm_grid_status":"","footnotes":""},"categories":[22,327,376],"tags":[],"class_list":{"0":"post-14044","1":"post","2":"type-post","3":"status-publish","4":"format-standard","6":"category-brasil","7":"category-clima","8":"category-clima-brasil"},"_links":{"self":[{"href":"https:\/\/migracao.redenoticia.com.br\/noticia\/wp-json\/wp\/v2\/posts\/14044","targetHints":{"allow":["GET"]}}],"collection":[{"href":"https:\/\/migracao.redenoticia.com.br\/noticia\/wp-json\/wp\/v2\/posts"}],"about":[{"href":"https:\/\/migracao.redenoticia.com.br\/noticia\/wp-json\/wp\/v2\/types\/post"}],"author":[{"embeddable":true,"href":"https:\/\/migracao.redenoticia.com.br\/noticia\/wp-json\/wp\/v2\/users\/3"}],"replies":[{"embeddable":true,"href":"https:\/\/migracao.redenoticia.com.br\/noticia\/wp-json\/wp\/v2\/comments?post=14044"}],"version-history":[{"count":0,"href":"https:\/\/migracao.redenoticia.com.br\/noticia\/wp-json\/wp\/v2\/posts\/14044\/revisions"}],"wp:attachment":[{"href":"https:\/\/migracao.redenoticia.com.br\/noticia\/wp-json\/wp\/v2\/media?parent=14044"}],"wp:term":[{"taxonomy":"category","embeddable":true,"href":"https:\/\/migracao.redenoticia.com.br\/noticia\/wp-json\/wp\/v2\/categories?post=14044"},{"taxonomy":"post_tag","embeddable":true,"href":"https:\/\/migracao.redenoticia.com.br\/noticia\/wp-json\/wp\/v2\/tags?post=14044"}],"curies":[{"name":"wp","href":"https:\/\/api.w.org\/{rel}","templated":true}]}}