{"id":14047,"date":"2009-10-13T23:25:06","date_gmt":"2009-10-14T03:25:06","guid":{"rendered":"http:\/\/www.redenoticia.com.br\/noticia\/?p=14047"},"modified":"2009-11-17T22:45:56","modified_gmt":"2009-11-18T02:45:56","slug":"idolos-2009-%e2%80%93-primeira-noite-de-concertos-na-rede-record","status":"publish","type":"post","link":"https:\/\/migracao.redenoticia.com.br\/noticia\/2009\/idolos-2009-%e2%80%93-primeira-noite-de-concertos-na-rede-record\/14047","title":{"rendered":"\u00cddolos 2009 \u2013 primeira noite de concertos na Rede Record"},"content":{"rendered":"<p><a href=\"https:\/\/migracao.redenoticia.com.br\/noticia\/imagens\/\/redenoticiatv2.jpg\"><img loading=\"lazy\" decoding=\"async\" class=\"alignleft size-full wp-image-12199\" title=\"redenoticiatv2\" src=\"https:\/\/migracao.redenoticia.com.br\/noticia\/imagens\/\/redenoticiatv2.jpg\" alt=\"redenoticiatv2\" width=\"150\" height=\"113\" srcset=\"https:\/\/migracao.redenoticia.com.br\/noticia\/imagens\/redenoticiatv2.jpg 150w, https:\/\/migracao.redenoticia.com.br\/noticia\/imagens\/redenoticiatv2-148x112.jpg 148w\" sizes=\"auto, (max-width: 150px) 100vw, 150px\" \/><\/a><strong>\u00cddolos 2009<\/strong> \u2013 nesta ter\u00e7a-feira (<strong>13\/10<\/strong>) a <strong>Rede Record <\/strong>mostrou o primeiro programa \u00cddolos 2009 com os doze finalistas, que escolheram musicas de seus cantores preferidos. Esta fase \u00e9 chamada de concerto e, ap\u00f3s cada apresenta\u00e7\u00e3o, os jurados comentam e sugerem melhorias para as pr\u00f3ximas apresenta\u00e7\u00f5es, caso o finalista continue no programa.<\/p>\n<p>No programa \u00cddolos 2009 Rede Record de hoje, <strong>Priscila<\/strong> cantou Marina Lima e os jurados acharam que ela n\u00e3o sentiu a energia que ela pode passar. <strong>Julio<\/strong> escolheu Tim Maia e n\u00e3o foi bem, segundo os jurados. <strong>Taissa<\/strong> arrasou com Gilberto Gil. <strong>Saulo <\/strong>cantou Marisa Monte e os jurados elogiaram muito. <strong>Helen<\/strong> cantou Ivete Sangalo, se emocionou na frente dos jurados, mas segundo eles surfou em grande estilo. <strong>Thais<\/strong> cantou Elis Regina, escorregou nas divis\u00f5es e faltou um pouco de personalidade, segundo os jurados. <strong>Paulo<\/strong> cantou C\u00e1ssia Heler, os jurados acham que ele melhorou mas ainda falta talento em compara\u00e7\u00e3o com os outros competidores, <strong>Dani <\/strong>cantou Rita Lee, teve atitude e beleza na interpreta\u00e7\u00e3o para os jurados Calainho e Paula, mas Marco n\u00e3o gostou. <strong>Evandro<\/strong> cantou Alexandre Pires, passou emo\u00e7\u00e3o mas pode crescer, segundo os jurados. <strong>Diego<\/strong> cantou Elis Regina, transgrediu o comum e usou t\u00e9cnica para se sentir em casa, na opini\u00e3o dos jurados. <strong>Raquel <\/strong>cantou Vin\u00edcius de Moraes com emo\u00e7\u00e3o e conex\u00e3o com o p\u00fablico, mas precisa se soltar um pouco mais. <strong>Duarte<\/strong> cantou Zez\u00e9 di Camargo e Luciano, estava mais solto e melhor.<\/p>\n<p>Nesta quarta-feira o programa \u00cddolos 2009 Rede Record vai mostrar o resultado da vota\u00e7\u00e3o do p\u00fablico e um dos doze talentos vai deixar a mans\u00e3o.<\/p>\n<p>\u00cddolos 2009 Rede Record<\/p>\n","protected":false},"excerpt":{"rendered":"<p>\u00cddolos 2009 \u2013 nesta ter\u00e7a-feira (13\/10) a Rede Record mostrou o primeiro programa \u00cddolos 2009 com os doze finalistas, que escolheram musicas de seus cantores preferidos. Esta fase \u00e9 chamada de concerto e, ap\u00f3s cada apresenta\u00e7\u00e3o, os jurados comentam e sugerem melhorias para as pr\u00f3ximas apresenta\u00e7\u00f5es, caso o finalista continue no programa. No programa \u00cddolos [&hellip;]<\/p>\n","protected":false},"author":3,"featured_media":0,"comment_status":"open","ping_status":"open","sticky":false,"template":"","format":"standard","meta":{"tdm_status":"","tdm_grid_status":"","footnotes":""},"categories":[22,371,343],"tags":[],"class_list":{"0":"post-14047","1":"post","2":"type-post","3":"status-publish","4":"format-standard","6":"category-brasil","7":"category-rede-record","8":"category-televisao"},"_links":{"self":[{"href":"https:\/\/migracao.redenoticia.com.br\/noticia\/wp-json\/wp\/v2\/posts\/14047","targetHints":{"allow":["GET"]}}],"collection":[{"href":"https:\/\/migracao.redenoticia.com.br\/noticia\/wp-json\/wp\/v2\/posts"}],"about":[{"href":"https:\/\/migracao.redenoticia.com.br\/noticia\/wp-json\/wp\/v2\/types\/post"}],"author":[{"embeddable":true,"href":"https:\/\/migracao.redenoticia.com.br\/noticia\/wp-json\/wp\/v2\/users\/3"}],"replies":[{"embeddable":true,"href":"https:\/\/migracao.redenoticia.com.br\/noticia\/wp-json\/wp\/v2\/comments?post=14047"}],"version-history":[{"count":0,"href":"https:\/\/migracao.redenoticia.com.br\/noticia\/wp-json\/wp\/v2\/posts\/14047\/revisions"}],"wp:attachment":[{"href":"https:\/\/migracao.redenoticia.com.br\/noticia\/wp-json\/wp\/v2\/media?parent=14047"}],"wp:term":[{"taxonomy":"category","embeddable":true,"href":"https:\/\/migracao.redenoticia.com.br\/noticia\/wp-json\/wp\/v2\/categories?post=14047"},{"taxonomy":"post_tag","embeddable":true,"href":"https:\/\/migracao.redenoticia.com.br\/noticia\/wp-json\/wp\/v2\/tags?post=14047"}],"curies":[{"name":"wp","href":"https:\/\/api.w.org\/{rel}","templated":true}]}}