{"id":1409,"date":"2009-05-08T19:04:57","date_gmt":"2009-05-08T23:04:57","guid":{"rendered":"http:\/\/www.redenoticia.com.br\/noticia\/?p=1409"},"modified":"2009-05-08T19:04:57","modified_gmt":"2009-05-08T23:04:57","slug":"mais-cinco-mil-recebem-bolsa-familia-em-porto-velho","status":"publish","type":"post","link":"https:\/\/migracao.redenoticia.com.br\/noticia\/2009\/mais-cinco-mil-recebem-bolsa-familia-em-porto-velho\/1409","title":{"rendered":"Mais  cinco mil recebem Bolsa Familia em Porto Velho"},"content":{"rendered":"<p><span>A secret\u00e1ria municipal de Assist\u00eancia Social, Benedita Nascimento, anunciou hoje (8\/5) para uma plat\u00e9ia de mais de 700 benefici\u00e1rios do Bolsa Fam\u00edlia a amplia\u00e7\u00e3o do programa na Capital, para mais 5 mil fam\u00edlias que vivem em situa\u00e7\u00e3o de vulnerabilidade social. Atualmente 23.840 fam\u00edlias recebem o benef\u00edcio na Capital. Ela tamb\u00e9m informou que o ProJovem Adolescente ser\u00e1 recome\u00e7ado em julho na Capital, beneficiando 1050 jovens que j\u00e1 est\u00e3o inscritos no programa.\u00a0 O an\u00fancio foi feito durante evento realizado no Clube Ferrovi\u00e1rio, onde foram divulgados os locais de\u00a0 realiza\u00e7\u00e3o de cursos profissionalizantes para 720 pessoas, que integram o projeto Renda e Cidadania. \u201cEstes cursos oferecem uma porta de sa\u00edda para os benefici\u00e1rios do Bolsa Fam\u00edlia, uma oportunidade para que eles possam se autossustentar e deixar de ser dependente dos recursos repassados pelos programas sociais do governo\u201d, segundo Benedita Nascimento.<\/span><\/p>\n<p><span>O Projeto Renda e Cidadania \u00e9 uma promo\u00e7\u00e3o da prefeitura em parceria com o Instituto Evaldo Lodi (IEL), ligado ao Sesi, que oferece cursos profissionalizantes e outras a\u00e7\u00f5es de inclus\u00e3o social e de acesso ao mercado de trabalho. Os cursos foram escolhidos por meio de uma pesquisa, onde a popula\u00e7\u00e3o sugeriu op\u00e7\u00f5es, e tamb\u00e9m pelas necessidades do mercado. Foram elencados cursos de panifica\u00e7\u00e3o, cabeleireiro, confeiteiro, pintor de parede, artesanato, conserto de eletrodom\u00e9sticos, corte e costura, cozinheiro, culin\u00e1ria, doces e salgados, eletricista de alta e baixa tens\u00e3o, t\u00e9cnica de vendas, mec\u00e2nica de carros, operador de caixa, manicure e pedicure e mestre de obras.<\/span><\/p>\n<p><span>Os cursos ser\u00e3o dados nos cinco Centros de Refer\u00eancia\u00a0 de Assist\u00eancia Social (CRAS), nas quatro zonas da cidade, para facilitar o acesso \u00e0s aulas. O trabalho conta com a parceria da rede de atendimento de assist\u00eancia social do munic\u00edpio. Os cursandos receber\u00e3o certificados.\u00a0<br \/>\n\u00a0<\/span><\/p>\n<p><span>Projovem Adolescente\u00a0<br \/>\n\u00a0<\/span><\/p>\n<p><span>O ProJovem Adolescente\u00a0 \u00e9 uma reformula\u00e7\u00e3o do Agente Jovem (programa que j\u00e1 existe no \u00e2mbito do Sistema \u00danico de Assist\u00eancia Social \u2013 SUAS) e est\u00e1 integrado \u00e0 expans\u00e3o da idade do Bolsa Fam\u00edlia, que sobe de 15 para 17 anos. Nesta faixa et\u00e1ria, o benef\u00edcio ser\u00e1 de R$ 30,00, desde que os jovens freq\u00fcentem a escola, exig\u00eancia tamb\u00e9m para os demais benefici\u00e1rios do Bolsa Fam\u00edlia com idades entre seis e 15 anos.\u00a0<\/span><\/p>\n<p><span>O programa tem dura\u00e7\u00e3o de 24 meses e\u00e9 executado sob a supervis\u00e3o dos Centros de Refer\u00eancia de Assist\u00eancia Social (CRAS), unidades co-financiadas pelo Minist\u00e9rio do Desenvolvimento Social. Nestes n\u00facleos ser\u00e3o desenvolvidas atividades que estimulem a conviv\u00eancia familiar e comunit\u00e1ria, que propiciem o desenvolvimento pessoal e social e capacitem o jovem para atuar como agente de transforma\u00e7\u00e3o e desenvolvimento de sua comunidade, al\u00e9m de sensibiliz\u00e1-lo e inform\u00e1-lo sobre o mercado de trabalho.\u00a0<\/span><\/p>\n<p><span>Outra meta do ProJovem \u00e9 contribuir para a diminui\u00e7\u00e3o dos \u00edndices de viol\u00eancia entre os jovens, do uso de drogas, da incid\u00eancia de doen\u00e7as sexualmente transmiss\u00edveis e de gravidez n\u00e3o planejada.<\/span><\/p>\n","protected":false},"excerpt":{"rendered":"<p>A secret\u00e1ria municipal de Assist\u00eancia Social, Benedita Nascimento, anunciou hoje (8\/5) para uma plat\u00e9ia de mais de 700 benefici\u00e1rios do Bolsa Fam\u00edlia a amplia\u00e7\u00e3o do programa na Capital, para mais 5 mil fam\u00edlias que vivem em situa\u00e7\u00e3o de vulnerabilidade social. Atualmente 23.840 fam\u00edlias recebem o benef\u00edcio na Capital. Ela tamb\u00e9m informou que o ProJovem Adolescente [&hellip;]<\/p>\n","protected":false},"author":2,"featured_media":0,"comment_status":"open","ping_status":"open","sticky":false,"template":"","format":"standard","meta":{"tdm_status":"","tdm_grid_status":"","footnotes":""},"categories":[22],"tags":[],"class_list":{"0":"post-1409","1":"post","2":"type-post","3":"status-publish","4":"format-standard","6":"category-brasil"},"_links":{"self":[{"href":"https:\/\/migracao.redenoticia.com.br\/noticia\/wp-json\/wp\/v2\/posts\/1409","targetHints":{"allow":["GET"]}}],"collection":[{"href":"https:\/\/migracao.redenoticia.com.br\/noticia\/wp-json\/wp\/v2\/posts"}],"about":[{"href":"https:\/\/migracao.redenoticia.com.br\/noticia\/wp-json\/wp\/v2\/types\/post"}],"author":[{"embeddable":true,"href":"https:\/\/migracao.redenoticia.com.br\/noticia\/wp-json\/wp\/v2\/users\/2"}],"replies":[{"embeddable":true,"href":"https:\/\/migracao.redenoticia.com.br\/noticia\/wp-json\/wp\/v2\/comments?post=1409"}],"version-history":[{"count":0,"href":"https:\/\/migracao.redenoticia.com.br\/noticia\/wp-json\/wp\/v2\/posts\/1409\/revisions"}],"wp:attachment":[{"href":"https:\/\/migracao.redenoticia.com.br\/noticia\/wp-json\/wp\/v2\/media?parent=1409"}],"wp:term":[{"taxonomy":"category","embeddable":true,"href":"https:\/\/migracao.redenoticia.com.br\/noticia\/wp-json\/wp\/v2\/categories?post=1409"},{"taxonomy":"post_tag","embeddable":true,"href":"https:\/\/migracao.redenoticia.com.br\/noticia\/wp-json\/wp\/v2\/tags?post=1409"}],"curies":[{"name":"wp","href":"https:\/\/api.w.org\/{rel}","templated":true}]}}