{"id":140906,"date":"2018-05-07T00:13:05","date_gmt":"2018-05-07T03:13:05","guid":{"rendered":"https:\/\/www.redenoticia.com.br\/noticia\/?p=140906"},"modified":"2018-05-07T00:13:05","modified_gmt":"2018-05-07T03:13:05","slug":"projeto-oferece-curso-e-perucas-a-pacientes-com-cancer","status":"publish","type":"post","link":"https:\/\/migracao.redenoticia.com.br\/noticia\/2018\/projeto-oferece-curso-e-perucas-a-pacientes-com-cancer\/140906","title":{"rendered":"Projeto oferece curso e perucas a pacientes com c\u00e2ncer"},"content":{"rendered":"<p> Resgatar a autoestima \u00e9 fundamental para pacientes em tratamento oncol\u00f3gico e essa luta di\u00e1ria faz muitas mulheres sofrerem com a perda dos cabelos. Pensando nisso, o Governo do Estado de S\u00e3o Paulo, a partir da Escola de Beleza do Fundo Social de Solidariedade, lan\u00e7ou o programa \u201c<strong><em>Solidariedade em Fios<\/em><\/strong>\u201d para amenizar os tra\u00e7os deixados pela doen\u00e7a.O projeto seleciona e capacita cabeleireiras para confeccionar perucas sob medidas \u00e0s pacientes do Instituto do C\u00e2ncer de S\u00e3o Paulo (Icesp). A aproxima\u00e7\u00e3o com as alunas, dessa forma, garante que os cabelos sejam feitos de acordo com o gosto e o perfil de cada uma das pacientes.\u201cO projeto tem uma causa muito nobre. O resultado deste aprendizado gera uma boa a\u00e7\u00e3o que contribui para o resgate da autoestima das pacientes com c\u00e2ncer\u201d, ressalta\u00a0a primeira-dama do Estado e presidente do Fundo, L\u00facia Fran\u00e7a.<\/p>\n<p>Curso<\/p>\n<p>Localizado dentro do Parque da \u00c1gua Branca, na zona Oeste da capital paulista, o Solidariedade em Fios oferece dois tipos de cursos \u00e0s cabeleireiras. Um deles \u00e9 o de Pr\u00f3tese Capilar, que tem dura\u00e7\u00e3o de 15 dias, carga hor\u00e1ria de 75h e \u00e9 destinado a profissionais que j\u00e1 possuem experi\u00eancia em corte e costura. J\u00e1 o outro tem dura\u00e7\u00e3o de tr\u00eas dias, com total de 12h, e \u00e9 voltado para as t\u00e9cnicas de confec\u00e7\u00e3o de Megahair.<\/p>\n<p>\u201cMuitas mulheres n\u00e3o fazem o tratamento por que n\u00e3o querem perder o cabelo. Por isso, al\u00e9m de incentiv\u00e1-las, a ideia das aulas \u00e9 ensinar uma nova profiss\u00e3o \u00e0s cabeleireiras\u201d, explica a coordenadora do programa, Fl\u00e1via Crema.<\/p>\n<p>Segundo ela, o mercado de profissionais que produzem perucas ainda \u00e9 muito escasso, por isso \u00e9 importante que elas se dediquem e aprendam as t\u00e9cnicas. Para ambos os cursos, s\u00e3o abertas cerca de 13 vagas todos os meses.<\/p>\n<p>\u201cOs alunos criam la\u00e7o de amizade com as pacientes. A ideia \u00e9 fugir um pouco do ambiente hospitalar e n\u00e3o distinguir quem \u00e9 doente e quem n\u00e3o \u00e9. Elas n\u00e3o chamam essas mulheres de \u2018pacientes\u2019 e sim de \u2018amigas\u2019\u201d, completa.<\/p>\n<p>No total, 124 cabeleireiras j\u00e1 participaram das duas modalidades e 55 pr\u00f3teses foram entregues a mulheres com c\u00e2ncer. No final do curso, as alunas ganham certificado e est\u00e3o aptas a exercer a atividade fora da entidade.<\/p>\n<p>Os interessados em participar do projeto devem comparecer \u00e0 sede do programa das 08h30 \u00e0s 16h com o RG original para realizar a inscri\u00e7\u00e3o.<\/p>\n<p>Icesp<\/p>\n<p>O Instituto de C\u00e2ncer do Estado de S\u00e3o Paulo \u00e9, hoje, o maior centro p\u00fablico de oncologia da Am\u00e9rica Latina. Atualmente s\u00e3o mais de 45 mil pacientes em tratamento na unidade, sendo 55% composto pelo p\u00fablico feminino.<\/p>\n<p>A coordenadora de humaniza\u00e7\u00e3o da entidade, Maria Helena Sponton, comenta sobre a import\u00e2ncia do fortalecimento da autoestima das pacientes. \u201cQuando ela se sente mais bonita e tem toda a feminilidade e vaidade, este momento est\u00e1 sendo alimentado e encorajado. Isso reflete no pr\u00f3prio tratamento\u201d, afirma.<\/p>\n<p>O convite \u00e9 feito \u00e0s mulheres que est\u00e3o come\u00e7ando as sess\u00f5es de quimioterapia ou que j\u00e1 perderam o cabelo. As que topam participar da iniciativa v\u00e3o at\u00e9 a sede do programa e conhecem de perto as alunas que ir\u00e3o confeccionar as perucas.<\/p>\n<p>\u201cElas s\u00e3o muito bem acolhidas. O Solidariedade em Fios respeita o tratamento de cada uma. Algumas escolhem cabelos diferentes, outras preferem manter a mesma apar\u00eancia\u201d, ressalta Sponton.<\/p>\n<p>Gislene Charaba \u00e9\u00a0paciente do Icesp e conta que se considera uma militante da causa. \u201cA peruca me deu vida. Ela me libertou da cama. Quando eu uso, ningu\u00e9m fala que eu estou usando. N\u00e3o querer me mostrar doente foi uma escolha minha\u201d.<\/p>\n<p>Doa\u00e7\u00f5es<\/p>\n<p>Qualquer pessoa com qualquer tipo de cabelo pode fazer a doa\u00e7\u00e3o para o programa, desde que as mechas tenham no m\u00ednimo 15 cm de comprimento. As \u00fanicas exig\u00eancias s\u00e3o que os fios estejam limpos, secos, amarrados e sejam acondicionados dentro de um saco pl\u00e1stico.<\/p>\n<p>A doa\u00e7\u00e3o pode ser feita na pr\u00f3pria sede do programa. Basta agendar um hor\u00e1rio, comparecer ao local e ganhar um corte gratuito. Al\u00e9m disso, o Solidariedade em Fios tamb\u00e9m recebe as entregas pelo correio em dois endere\u00e7os (abaixo).<\/p>\n<p>\u201cN\u00f3s precisamos de aproximadamente 350 gramas de cabelo para produzir uma pr\u00f3tese. Isso equivale a 3 a 4 doa\u00e7\u00f5es. Por isso, queremos que as pessoas se conscientizem e fa\u00e7am esse ato de solidariedade\u201d, destaca a coordenadora, Fl\u00e1via Crema.<\/p>\n<p>Servi\u00e7o <\/p>\n<p>Doa\u00e7\u00f5es por correio:<\/p>\n<p>Avenida Morumbi, 4500, 2\u00ba andar, sala 232, S\u00e3o Paulo, SP, Cep.: 05650-905<br \/>\nEscola de Beleza \u2013 Rua Ministro God\u00f3i, 180, Perdizes (Pr\u00e9dio 73 do Parque da \u00c1gua Branca)<\/p>\n<p>Mais informa\u00e7\u00f5es e agendamento:<\/p>\n<p>(11) 2588-5781<\/p>\n<p>Do Portal do Governo SP<\/p>\n","protected":false},"excerpt":{"rendered":"<p>Resgatar a autoestima \u00e9 fundamental para pacientes em tratamento oncol\u00f3gico e essa luta di\u00e1ria faz muitas mulheres sofrerem com a perda dos cabelos. Pensando nisso, o Governo do Estado de S\u00e3o Paulo, a partir da Escola de Beleza do Fundo Social de Solidariedade, lan\u00e7ou o programa \u201cSolidariedade em Fios\u201d para amenizar os tra\u00e7os deixados pela [&hellip;]<\/p>\n","protected":false},"author":2,"featured_media":21821,"comment_status":"open","ping_status":"closed","sticky":false,"template":"","format":"standard","meta":{"tdm_status":"","tdm_grid_status":"","footnotes":""},"categories":[22,351,370],"tags":[],"class_list":{"0":"post-140906","1":"post","2":"type-post","3":"status-publish","4":"format-standard","5":"has-post-thumbnail","7":"category-brasil","8":"category-cursos","9":"category-inscricao"},"_links":{"self":[{"href":"https:\/\/migracao.redenoticia.com.br\/noticia\/wp-json\/wp\/v2\/posts\/140906","targetHints":{"allow":["GET"]}}],"collection":[{"href":"https:\/\/migracao.redenoticia.com.br\/noticia\/wp-json\/wp\/v2\/posts"}],"about":[{"href":"https:\/\/migracao.redenoticia.com.br\/noticia\/wp-json\/wp\/v2\/types\/post"}],"author":[{"embeddable":true,"href":"https:\/\/migracao.redenoticia.com.br\/noticia\/wp-json\/wp\/v2\/users\/2"}],"replies":[{"embeddable":true,"href":"https:\/\/migracao.redenoticia.com.br\/noticia\/wp-json\/wp\/v2\/comments?post=140906"}],"version-history":[{"count":0,"href":"https:\/\/migracao.redenoticia.com.br\/noticia\/wp-json\/wp\/v2\/posts\/140906\/revisions"}],"wp:featuredmedia":[{"embeddable":true,"href":"https:\/\/migracao.redenoticia.com.br\/noticia\/wp-json\/wp\/v2\/media\/21821"}],"wp:attachment":[{"href":"https:\/\/migracao.redenoticia.com.br\/noticia\/wp-json\/wp\/v2\/media?parent=140906"}],"wp:term":[{"taxonomy":"category","embeddable":true,"href":"https:\/\/migracao.redenoticia.com.br\/noticia\/wp-json\/wp\/v2\/categories?post=140906"},{"taxonomy":"post_tag","embeddable":true,"href":"https:\/\/migracao.redenoticia.com.br\/noticia\/wp-json\/wp\/v2\/tags?post=140906"}],"curies":[{"name":"wp","href":"https:\/\/api.w.org\/{rel}","templated":true}]}}