{"id":141222,"date":"2018-05-10T14:16:20","date_gmt":"2018-05-10T17:16:20","guid":{"rendered":"https:\/\/www.redenoticia.com.br\/noticia\/?p=141222"},"modified":"2018-05-10T14:16:35","modified_gmt":"2018-05-10T17:16:35","slug":"novela-as-aventuras-de-poliana","status":"publish","type":"post","link":"https:\/\/migracao.redenoticia.com.br\/noticia\/2018\/novela-as-aventuras-de-poliana\/141222","title":{"rendered":"Novela &#8220;As Aventuras de Poliana&#8221;: a hist\u00f3ria da garota que procura o lado bom da vida"},"content":{"rendered":"<p><img loading=\"lazy\" decoding=\"async\" src=\"https:\/\/migracao.redenoticia.com.br\/noticia\/imagens\/As-Aventuras-de-Poliana-novela-SBT-resumo-capitulo-150x112.jpg\" alt=\"\" width=\"150\" height=\"112\" class=\"alignleft size-thumbnail wp-image-141221\" srcset=\"https:\/\/migracao.redenoticia.com.br\/noticia\/imagens\/As-Aventuras-de-Poliana-novela-SBT-resumo-capitulo-150x112.jpg 150w, https:\/\/migracao.redenoticia.com.br\/noticia\/imagens\/As-Aventuras-de-Poliana-novela-SBT-resumo-capitulo-265x198.jpg 265w\" sizes=\"auto, (max-width: 150px) 100vw, 150px\" \/><strong><em>Novela &#8220;As Aventuras de Poliana&#8221;<\/em><\/strong> sinopse: Poliana \u00e9 uma menina extrovertida e de bom cora\u00e7\u00e3o que viajava o Brasil com seus pais, Lorenzo e Alice, no grupo circense Trupe Vagalume. Aos onze anos a garota v\u00ea seu mundo desabar quando seus pais falecem e ela tem que ir morar em S\u00e3o Paulo com sua tia Lu\u00edsa, uma mulher rica e severa, a qual ela n\u00e3o conhecia e que n\u00e3o queria cuidar dela, embora sinta que \u00e9 sua obriga\u00e7\u00e3o pela alma de sua irm\u00e3. Apesar do jeito da rigidez da tia, Poliana decide ter uma vis\u00e3o positiva e inabal\u00e1vel da vida, mesmo nos momentos de dificuldade, tentando levar um pouco de felicidade para a vida de cada um dos seus novos amigos e vizinhos, como o Sr. Pendleton, um homem rico e infeliz por nunca ter tido filhos. Ela vai estudar no col\u00e9gio de Ruth, uma diretora de bom cora\u00e7\u00e3o que a ajuda a se adaptar, mas tem que lidar com as vilanias de Mirela, garota mais velha que n\u00e3o aceita perder a popularidade para uma novata.<\/p>\n<p>Na novela &#8220;As Aventuras de Poliana&#8221;, a protagonista aprendeu muitas coisas com seus pais, entre elas, a mais importante, o jogo do contente! Apesar das dificuldades da vida, Poliana sempre mant\u00e9m a promessa que fez para os pais e procura o lado bom de todas as situa\u00e7\u00f5es!  <\/p>\n<p>A escola Ruth Goulart trouxe grandes amigos para Poliana (Sophia Valverde), como a Kessya (Duda Pimenta) que \u00e9 fera na dan\u00e7a e o Luigi (Enzo Krieger), que ama fazer v\u00eddeos. Mas, tamb\u00e9m tem uma galera que gosta de pegar no p\u00e9 dessa turminha, como a Filipa (Bella Fernandes) e o Eric (Lucas Burgatti); eles passam o tempo todo zoando os outros. <\/p>\n<p>Meninos quando se juntam tem cada ideia. O M\u00e1rio (Th\u00e9o Medon) junto com os g\u00eameos Gael (Kauan Siqueira) e Ben\u00edcio (Vin\u00edcius Siqueira) decidiram formar um clubinho s\u00f3 para eles. Juntos, eles v\u00e3o desvendar mist\u00e9rios e aventuras, inclusive o caso do vizinho da mans\u00e3o 242! Eles n\u00e3o s\u00e3o muito f\u00e3s de garotas, mas Lorena (Pietra Quintela), t\u00e1 chegando pra mudar essa hist\u00f3ria! Ela est\u00e1 louquinha pra fazer parte dessa brincadeira e vai pegar esses meninos de vez! <\/p>\n<p>&#8220;As Aventuras de Poliana&#8221; \u00e9 sua pr\u00f3xima novela do SBT, substituta de Carinha de Anjo. Escrita por \u00cdris Abravanel e dirigida por Reynaldo Boury, \u00e9 inspirada no romance Pollyanna, de Eleanor H. Porter, publicado em 1913. <\/p>\n<p>Fonte &#8220;As Aventuras de Poliana&#8221; &#8211; Novela do SBT <\/p>\n","protected":false},"excerpt":{"rendered":"<p>Novela &#8220;As Aventuras de Poliana&#8221; sinopse: Poliana \u00e9 uma menina extrovertida e de bom cora\u00e7\u00e3o que viajava o Brasil com seus pais, Lorenzo e Alice, no grupo circense Trupe Vagalume. Aos onze anos a garota v\u00ea seu mundo desabar quando seus pais falecem e ela tem que ir morar em S\u00e3o Paulo com sua tia [&hellip;]<\/p>\n","protected":false},"author":2,"featured_media":141221,"comment_status":"open","ping_status":"closed","sticky":false,"template":"","format":"standard","meta":{"tdm_status":"","tdm_grid_status":"","footnotes":""},"categories":[477,379,372,343],"tags":[440],"class_list":{"0":"post-141222","1":"post","2":"type-post","3":"status-publish","4":"format-standard","5":"has-post-thumbnail","7":"category-as-aventuras-de-poliana","8":"category-novelas","9":"category-sbt","10":"category-televisao","11":"tag-noticia-novela"},"_links":{"self":[{"href":"https:\/\/migracao.redenoticia.com.br\/noticia\/wp-json\/wp\/v2\/posts\/141222","targetHints":{"allow":["GET"]}}],"collection":[{"href":"https:\/\/migracao.redenoticia.com.br\/noticia\/wp-json\/wp\/v2\/posts"}],"about":[{"href":"https:\/\/migracao.redenoticia.com.br\/noticia\/wp-json\/wp\/v2\/types\/post"}],"author":[{"embeddable":true,"href":"https:\/\/migracao.redenoticia.com.br\/noticia\/wp-json\/wp\/v2\/users\/2"}],"replies":[{"embeddable":true,"href":"https:\/\/migracao.redenoticia.com.br\/noticia\/wp-json\/wp\/v2\/comments?post=141222"}],"version-history":[{"count":0,"href":"https:\/\/migracao.redenoticia.com.br\/noticia\/wp-json\/wp\/v2\/posts\/141222\/revisions"}],"wp:featuredmedia":[{"embeddable":true,"href":"https:\/\/migracao.redenoticia.com.br\/noticia\/wp-json\/wp\/v2\/media\/141221"}],"wp:attachment":[{"href":"https:\/\/migracao.redenoticia.com.br\/noticia\/wp-json\/wp\/v2\/media?parent=141222"}],"wp:term":[{"taxonomy":"category","embeddable":true,"href":"https:\/\/migracao.redenoticia.com.br\/noticia\/wp-json\/wp\/v2\/categories?post=141222"},{"taxonomy":"post_tag","embeddable":true,"href":"https:\/\/migracao.redenoticia.com.br\/noticia\/wp-json\/wp\/v2\/tags?post=141222"}],"curies":[{"name":"wp","href":"https:\/\/api.w.org\/{rel}","templated":true}]}}