{"id":141223,"date":"2018-05-10T14:14:57","date_gmt":"2018-05-10T17:14:57","guid":{"rendered":"https:\/\/www.redenoticia.com.br\/noticia\/?p=141223"},"modified":"2018-05-10T14:14:57","modified_gmt":"2018-05-10T17:14:57","slug":"novela-as-aventuras-de-poliana-elenco-e-personagens","status":"publish","type":"post","link":"https:\/\/migracao.redenoticia.com.br\/noticia\/2018\/novela-as-aventuras-de-poliana-elenco-e-personagens\/141223","title":{"rendered":"Novela &#8220;As Aventuras de Poliana&#8221;: elenco e personagens"},"content":{"rendered":"<p> <img loading=\"lazy\" decoding=\"async\" src=\"https:\/\/migracao.redenoticia.com.br\/noticia\/imagens\/As-Aventuras-de-Poliana-novela-SBT-resumo-capitulo-150x112.jpg\" alt=\"\" width=\"150\" height=\"112\" class=\"alignleft size-thumbnail wp-image-141221\" srcset=\"https:\/\/migracao.redenoticia.com.br\/noticia\/imagens\/As-Aventuras-de-Poliana-novela-SBT-resumo-capitulo-150x112.jpg 150w, https:\/\/migracao.redenoticia.com.br\/noticia\/imagens\/As-Aventuras-de-Poliana-novela-SBT-resumo-capitulo-265x198.jpg 265w\" sizes=\"auto, (max-width: 150px) 100vw, 150px\" \/><strong><em>Novela &#8220;As Aventuras de Poliana&#8221;<\/em><\/strong> elenco e personagens: os grandes amigos de Poliana (Sophia Valverde), como a Kessya (Duda Pimenta) que \u00e9 fera na dan\u00e7a e o Luigi (Enzo Krieger), que ama fazer v\u00eddeos, estudam na escola Ruth Goulart. L\u00e1 tamb\u00e9m tem uma galera que gosta de pegar no p\u00e9 dessa turminha, como a Filipa (Bella Fernandes) e o Eric (Lucas Burgatti); eles passam o tempo todo zoando os outros.  <\/p>\n<p>Confira a lista do elenco e personagens da Novela &#8220;As Aventuras de Poliana&#8221;:<\/p>\n<p>Sophia Valverde &#8211; Poliana D&#8217;\u00c1vila Andrade;<br \/>\nMilena Toscano &#8211; Luisa D&#8217;\u00c1vila;<br \/>\nVictor Pecoraro &#8211; Afonso Moraes;<br \/>\nDalton Vigh &#8211; Otto Pendleton (Sr. Pendleton);<br \/>\nLarissa Manoela &#8211; Mirela Delfino;<br \/>\nJo\u00e3o Guilherme \u00c1vila &#8211; Luca Tuber;<br \/>\nGuilherme Boury &#8211; S\u00e9rgio Antunes;<br \/>\nLisandra Parede &#8211; D\u00e9bora Pav\u00e3o;<br \/>\nMylla Christie &#8211; Ver\u00f4nica Pessoa;<br \/>\nMyrian Rios &#8211; Ruth Goulart;<br \/>\nMarat Descartes &#8211; Durval D&#8217;\u00c1vila;<br \/>\nCris Carniato &#8211; Fernanda Rios;<br \/>\nGracielly Junqueira &#8211; Gabriela;<br \/>\nPietra Quintela &#8211; Lorena D&#8217;\u00c1vila;<br \/>\nBella Moreira &#8211; Raquel D&#8217;\u00c1vila;<br \/>\nLawrran Couto &#8211; Guilherme Pessoa;<br \/>\nBela Fernandes &#8211; Filipa Pessoa;<br \/>\nOt\u00e1vio Martins &#8211; Roger Pessoa;<br \/>\nClarisse Abujamra &#8211; Gl\u00f3ria Pessoa;<br \/>\nEduardo Semerjian &#8211; Salvador;<br \/>\nLilian Blanc &#8211; Branca Delfino;<br \/>\nJitman Vibranovski &#8211; Ant\u00f4nio Novaes;<br \/>\nMurilo C\u00e9zar &#8211; Marcelo Pessoa;<br \/>\nDaniela Paschoal &#8211; Joana Antunes;<br \/>\nPedro Lemos &#8211; Waldisney;<br \/>\nEliana de Souza &#8211; Hel\u00f4;<br \/>\nLet\u00edcia Cannavale &#8211; Claudia Ferreira;<br \/>\nIvan Parente &#8211; Lindomar;<br \/>\nLet\u00edcia Tomazella &#8211; Arlete;<br \/>\nNando Cunha &#8211; Ciro Soares;<br \/>\nMaria Gal &#8211; Gleyce Soares;<br \/>\nGabriela Petry &#8211; Sophie;<br \/>\nEm\u00edlio Farias &#8211; Iuri;<br \/>\nRaquel Bertani &#8211; Nadine;<br \/>\nLuciana Vidal &#8211; Josefa Barros;<br \/>\nH\u00e9lder Sossa &#8211; Ti\u00e3o Barros;<br \/>\nRafaela Ferreira &#8211; Nancy Delfino;<br \/>\nEnzo Krieger &#8211; Luigi Antunes;<br \/>\nTheo Medon &#8211; M\u00e1rio Antunes;<br \/>\nBia Lanutti &#8211; Yasmim Ferreira;<br \/>\nVin\u00edcius Siqueira &#8211; Gael Ferreira;<br \/>\nKauan Siqueira &#8211; Ben\u00edcio Ferreira;<br \/>\nVincenzo Richy &#8211; Vinicius;<br \/>\nDuda Pimenta &#8211; Kessya Soares;<br \/>\nV\u00edtor Brito &#8211; Jeferson Soares;<br \/>\nFlavia Pavanelli &#8211; Brenda;<br \/>\n\u00cdgor Jansen &#8211; Jo\u00e3o Barros;<br \/>\nHenry Fiuka &#8211; Hugo;<br \/>\nLucas Burgatti &#8211; \u00c9ric;<br \/>\nManu Kfouri &#8211; Stella;<br \/>\nDavi Campolongo &#8211; Bento.<\/p>\n<p>O elenco conta ainda com participa\u00e7\u00f5es especiais:<\/p>\n<p>Kiara Sasso &#8211; Alice D&#8217;\u00c1vila Andrade;<br \/>\nL\u00e1zaro Menezes &#8211; Lorenzo D&#8217;\u00c1vila Andrade;<br \/>\nSara Vidal &#8211; Lu\u00edsa D&#8217;\u00c1vila;<br \/>\nAlanys Santos &#8211; Paola;<br \/>\nValentina Oliveira &#8211; Let\u00edcia;<br \/>\nCamily Vit\u00f3ria &#8211; Mavi;<br \/>\nMariany Vit\u00f3ria &#8211; Malu, entre outros.<\/p>\n<p>&#8220;As Aventuras de Poliana&#8221; \u00e9 sua pr\u00f3xima novela do SBT, substituta de Carinha de Anjo. Escrita por \u00cdris Abravanel e dirigida por Reynaldo Boury, \u00e9 inspirada no romance Pollyanna, de Eleanor H. Porter, publicado em 1913. <\/p>\n<p>Fonte &#8220;As Aventuras de Poliana&#8221; &#8211; Novela do SBT<\/p>\n","protected":false},"excerpt":{"rendered":"<p>Novela &#8220;As Aventuras de Poliana&#8221; elenco e personagens: os grandes amigos de Poliana (Sophia Valverde), como a Kessya (Duda Pimenta) que \u00e9 fera na dan\u00e7a e o Luigi (Enzo Krieger), que ama fazer v\u00eddeos, estudam na escola Ruth Goulart. L\u00e1 tamb\u00e9m tem uma galera que gosta de pegar no p\u00e9 dessa turminha, como a Filipa [&hellip;]<\/p>\n","protected":false},"author":2,"featured_media":141221,"comment_status":"open","ping_status":"closed","sticky":false,"template":"","format":"standard","meta":{"tdm_status":"","tdm_grid_status":"","footnotes":""},"categories":[477,379,372,343],"tags":[440],"class_list":{"0":"post-141223","1":"post","2":"type-post","3":"status-publish","4":"format-standard","5":"has-post-thumbnail","7":"category-as-aventuras-de-poliana","8":"category-novelas","9":"category-sbt","10":"category-televisao","11":"tag-noticia-novela"},"_links":{"self":[{"href":"https:\/\/migracao.redenoticia.com.br\/noticia\/wp-json\/wp\/v2\/posts\/141223","targetHints":{"allow":["GET"]}}],"collection":[{"href":"https:\/\/migracao.redenoticia.com.br\/noticia\/wp-json\/wp\/v2\/posts"}],"about":[{"href":"https:\/\/migracao.redenoticia.com.br\/noticia\/wp-json\/wp\/v2\/types\/post"}],"author":[{"embeddable":true,"href":"https:\/\/migracao.redenoticia.com.br\/noticia\/wp-json\/wp\/v2\/users\/2"}],"replies":[{"embeddable":true,"href":"https:\/\/migracao.redenoticia.com.br\/noticia\/wp-json\/wp\/v2\/comments?post=141223"}],"version-history":[{"count":0,"href":"https:\/\/migracao.redenoticia.com.br\/noticia\/wp-json\/wp\/v2\/posts\/141223\/revisions"}],"wp:featuredmedia":[{"embeddable":true,"href":"https:\/\/migracao.redenoticia.com.br\/noticia\/wp-json\/wp\/v2\/media\/141221"}],"wp:attachment":[{"href":"https:\/\/migracao.redenoticia.com.br\/noticia\/wp-json\/wp\/v2\/media?parent=141223"}],"wp:term":[{"taxonomy":"category","embeddable":true,"href":"https:\/\/migracao.redenoticia.com.br\/noticia\/wp-json\/wp\/v2\/categories?post=141223"},{"taxonomy":"post_tag","embeddable":true,"href":"https:\/\/migracao.redenoticia.com.br\/noticia\/wp-json\/wp\/v2\/tags?post=141223"}],"curies":[{"name":"wp","href":"https:\/\/api.w.org\/{rel}","templated":true}]}}