{"id":141255,"date":"2018-05-10T15:02:58","date_gmt":"2018-05-10T18:02:58","guid":{"rendered":"https:\/\/www.redenoticia.com.br\/noticia\/?p=141255"},"modified":"2018-05-10T18:30:11","modified_gmt":"2018-05-10T21:30:11","slug":"previsao-do-tempo-brasil-nesta-sexta-feira-11-05","status":"publish","type":"post","link":"https:\/\/migracao.redenoticia.com.br\/noticia\/2018\/previsao-do-tempo-brasil-nesta-sexta-feira-11-05\/141255","title":{"rendered":"Previs\u00e3o do tempo Brasil nesta sexta-feira (11\/05)"},"content":{"rendered":"<p><img loading=\"lazy\" decoding=\"async\" class=\"alignleft wp-image-28409 size-thumbnail\" src=\"https:\/\/migracao.redenoticia.com.br\/noticia\/imagens\/previsao-do-tempo-e-temperatura-150x96.jpg\" alt=\"Previs\u00e3o do tempo para o Brasil\" width=\"150\" height=\"96\" srcset=\"https:\/\/migracao.redenoticia.com.br\/noticia\/imagens\/previsao-do-tempo-e-temperatura-150x96.jpg 150w, https:\/\/migracao.redenoticia.com.br\/noticia\/imagens\/previsao-do-tempo-e-temperatura-250x160.jpg 250w, https:\/\/migracao.redenoticia.com.br\/noticia\/imagens\/previsao-do-tempo-e-temperatura.jpg 300w\" sizes=\"auto, (max-width: 150px) 100vw, 150px\" \/><strong><em>A previs\u00e3o do tempo\u00a0e temperatura<\/em><\/strong> CPTEC\/INPE para sexta-feira (11\/05) indica que uma frente fria provocar\u00e1 pancadas de chuva em boa parte da Regi\u00e3o Sul do Brasil. A chuva mais forte se concentrar\u00e1 entre o oeste do PR, de SC e oeste, sul e leste do RS. No oeste e sul do RS a chuva diminuir\u00e1 entre a tarde e a noite. Na faixa norte do Brasil, entre o AM e o norte do Nordeste brasileiro persistir\u00e3o as pancadas de chuva. Na faixa central do pa\u00eds, sol, poucas nuvens e baixa umidade relativa do ar. <\/p>\n<p>Previs\u00e3o do tempo para o Vale do Para\u00edba 11\/05\/2018: o dia ser\u00e1 de sol entre poucas nuvens em toda a Regi\u00e3o. As temperaturas estar\u00e3o em eleva\u00e7\u00e3o.<\/p>\n<p>Previs\u00e3o do tempo para a Regi\u00e3o Centro-Oeste 11\/05\/2018:\u00a0No sudoeste de MS o dia ficar\u00e1 nublado com pancadas de chuva. No norte e nordeste de MS, em GO, no DF e em MT o sol predominar\u00e1. Nas demais \u00e1reas de MS haver\u00e1 nebulosidade vari\u00e1vel com pancadas de chuva a partir da tarde. Temperatura est\u00e1vel.<\/p>\n<p>Previs\u00e3o do tempo para a Regi\u00e3o Nordeste 11\/05\/2018:\u00a0Entre o litoral da BA e o litoral do RN o tempo ficar\u00e1 inst\u00e1vel com curtos per\u00edodos de sol e chuva a qualquer momento. No norte do RN, norte do CE, norte do PI e no centro-norte do MA haver\u00e1 nebulosidade vari\u00e1vel com pancadas de chuva isoladas. No centro-oeste da BA e no sul do PI e do MA o sol predominar\u00e1. Na faixa leste da BA o sol aparecer\u00e1 entre poucas nuvens. Nas demais \u00e1reas da regi\u00e3o haver\u00e1 nebulosidade vari\u00e1vel com pancadas de chuva a partir da tarde. Temperatura est\u00e1vel.<\/p>\n<p>Previs\u00e3o do tempo para a Regi\u00e3o Norte 11\/05\/2018:\u00a0No centro-sul do TO e leste de RO o sol predominar\u00e1. No norte do TO, sul do PA, sudeste do AM e demais \u00e1reas de RO haver\u00e1 nebulosidade vari\u00e1vel com possibilidade de pancadas de chuva a partir da tarde. Nas demais \u00e1reas da regi\u00e3o haver\u00e1 nebulosidade vari\u00e1vel com pancadas de chuva isoladas. Nas demais \u00e1reas da regi\u00e3o haver\u00e1 nebulosidade vari\u00e1vel com pancadas de chuva isoladas. Temperatura est\u00e1vel.<\/p>\n<p>Previs\u00e3o do tempo para a Regi\u00e3o Sudeste 11\/05\/2018:\u00a0No sudoeste de SP haver\u00e1 nebulosidade vari\u00e1vel com possibilidade de pancadas de chuva a partir da tarde. No litoral do ES o haver\u00e1 nebulosidade vari\u00e1vel com possibilidade de chuva. No noroeste de MG e na maior parte de MG o sol predominar\u00e1. No sul de MG, nas demais \u00e1reas de SP, demais \u00e1reas do ES e no RJ o sol aparecer\u00e1 entre poucas nuvens. Temperatura est\u00e1vel.<\/p>\n<p>Previs\u00e3o do tempo para a Regi\u00e3o Sul 11\/05\/2018:\u00a0No sul do RS haver\u00e1 muitas nuvens e chuvas isoladas. No oeste do RS haver\u00e1 chuva pela manh\u00e3, melhorando ao longo do dia. No norte e leste do PR e leste de SC haver\u00e1 nebulosidade vari\u00e1vel com pancadas de chuva a partir da tarde. Nas demais \u00e1reas da regi\u00e3o o dia ficar\u00e1 nublado com pancadas de chuva. Temperatura est\u00e1vel.<\/p>\n<p>Fonte &#8216;Previs\u00e3o do tempo&#8217; CPTEC<\/p>\n","protected":false},"excerpt":{"rendered":"<p>A previs\u00e3o do tempo\u00a0e temperatura CPTEC\/INPE para sexta-feira (11\/05) indica que uma frente fria provocar\u00e1 pancadas de chuva em boa parte da Regi\u00e3o Sul do Brasil. A chuva mais forte se concentrar\u00e1 entre o oeste do PR, de SC e oeste, sul e leste do RS. No oeste e sul do RS a chuva diminuir\u00e1 [&hellip;]<\/p>\n","protected":false},"author":4,"featured_media":26302,"comment_status":"open","ping_status":"closed","sticky":false,"template":"","format":"standard","meta":{"tdm_status":"","tdm_grid_status":"","footnotes":""},"categories":[327,376],"tags":[475],"class_list":{"0":"post-141255","1":"post","2":"type-post","3":"status-publish","4":"format-standard","5":"has-post-thumbnail","7":"category-clima","8":"category-clima-brasil","9":"tag-previsao-tempo"},"_links":{"self":[{"href":"https:\/\/migracao.redenoticia.com.br\/noticia\/wp-json\/wp\/v2\/posts\/141255","targetHints":{"allow":["GET"]}}],"collection":[{"href":"https:\/\/migracao.redenoticia.com.br\/noticia\/wp-json\/wp\/v2\/posts"}],"about":[{"href":"https:\/\/migracao.redenoticia.com.br\/noticia\/wp-json\/wp\/v2\/types\/post"}],"author":[{"embeddable":true,"href":"https:\/\/migracao.redenoticia.com.br\/noticia\/wp-json\/wp\/v2\/users\/4"}],"replies":[{"embeddable":true,"href":"https:\/\/migracao.redenoticia.com.br\/noticia\/wp-json\/wp\/v2\/comments?post=141255"}],"version-history":[{"count":0,"href":"https:\/\/migracao.redenoticia.com.br\/noticia\/wp-json\/wp\/v2\/posts\/141255\/revisions"}],"wp:featuredmedia":[{"embeddable":true,"href":"https:\/\/migracao.redenoticia.com.br\/noticia\/wp-json\/wp\/v2\/media\/26302"}],"wp:attachment":[{"href":"https:\/\/migracao.redenoticia.com.br\/noticia\/wp-json\/wp\/v2\/media?parent=141255"}],"wp:term":[{"taxonomy":"category","embeddable":true,"href":"https:\/\/migracao.redenoticia.com.br\/noticia\/wp-json\/wp\/v2\/categories?post=141255"},{"taxonomy":"post_tag","embeddable":true,"href":"https:\/\/migracao.redenoticia.com.br\/noticia\/wp-json\/wp\/v2\/tags?post=141255"}],"curies":[{"name":"wp","href":"https:\/\/api.w.org\/{rel}","templated":true}]}}