{"id":141315,"date":"2018-05-11T18:54:26","date_gmt":"2018-05-11T21:54:26","guid":{"rendered":"https:\/\/www.redenoticia.com.br\/noticia\/?p=141315"},"modified":"2018-05-11T18:54:26","modified_gmt":"2018-05-11T21:54:26","slug":"etec-jundiai-oferece-qualificacao-em-gestao-de-equinocultura","status":"publish","type":"post","link":"https:\/\/migracao.redenoticia.com.br\/noticia\/2018\/etec-jundiai-oferece-qualificacao-em-gestao-de-equinocultura\/141315","title":{"rendered":"Etec Jundia\u00ed oferece qualifica\u00e7\u00e3o em gest\u00e3o de equinocultura"},"content":{"rendered":"<p> A partir desta sexta-feira (11), a Escola T\u00e9cnica Estadual (Etec) Benedito Storani, em Jundia\u00ed, dar\u00e1 in\u00edcio ao segundo m\u00f3dulo do curso de qualifica\u00e7\u00e3o profissional em Gest\u00e3o de Equinocultura. A capacita\u00e7\u00e3o abre a Semana Cultural Equestre do munic\u00edpio, que vai at\u00e9 o pr\u00f3ximo dia 20.<\/p>\n<p>As primeiras aulas, realizadas no m\u00eas passado, certificaram 30 alunos em Administra\u00e7\u00e3o em Haras. Neste segundo, entretanto, os estudantes v\u00e3o aprender como criar cavalos em regime de confinamento ou em campo, bem como t\u00e9cnicas para formar pastagens, manejar reprodutivo, higienizar e alojar os animais, entre outras.<\/p>\n<p>As aulas te\u00f3ricas ser\u00e3o ministradas at\u00e9 s\u00e1bado na Etec enquanto as pr\u00e1ticas, na H\u00edpica de Vit\u00f3ria, at\u00e9 18 de maio. Os pr\u00f3ximos quatro m\u00f3dulos, dessa forma, abordar\u00e3o fun\u00e7\u00f5es como Domador, T\u00e9cnica de Casqueamento e Ferrageamento, Auxiliar de Insemina\u00e7\u00e3o de Cavalo e Trotador. Os alunos s\u00e3o certificados a cada m\u00f3dulo e, para receber o diploma de gestor de equino cultura, \u00e9 necess\u00e1rio completar as seis etapas.<\/p>\n<p>\u201cS\u00e3o habilidades de baixa complexidade, mas que podem render bons sal\u00e1rios para quem conseguir emprego em um haras, por exemplo\u201d, explica a coordenadora da Unidade de Forma\u00e7\u00e3o Inicial e Educa\u00e7\u00e3o Continuada (Ufiec) do Centro Paula Souza, Clara Magalh\u00e3es.<\/p>\n<p>Al\u00e9m de professores da Etec, o curso foi elaborado em parceria com a Associa\u00e7\u00e3o Brasileira dos Criadores do Cavalo Mangalarga Marchador (ABCCMM), Associa\u00e7\u00e3o dos M\u00e9dicos Veterin\u00e1rios de Jundia\u00ed\u00a0e Regi\u00e3o (Amvejur), Romaria Diocesana Mista de Jundia\u00ed e Sindicato Rural de Jundia\u00ed.<\/p>\n<p>Refer\u00eancia no setor<\/p>\n<p>Munic\u00edpios como Jundia\u00ed, Indaiatuba e Itu concentram grande quantidade de pequenos, m\u00e9dios e grandes criadores de cavalos. Hoje, a regi\u00e3o se destaca por abrigar animais da ra\u00e7a mangalarga, campos de polo equestre, haras e centros h\u00edpicos.<\/p>\n<p>Segundo Magalh\u00e3es, por se tratar de um setor bastante caro e que exige altos investimentos, \u00e9 necess\u00e1rio profissionais capacitados para cuidar adequadamente do setor. \u201cPor isso fomos procurados por representantes de associa\u00e7\u00f5es e criadores para desenvolver a qualifica\u00e7\u00e3o. Como \u00e9 um curso de alto custo, a participa\u00e7\u00e3o do setor produtivo foi fundamental, seja cedendo os cavalos ou espa\u00e7o f\u00edsico para as aulas\u201d, completa.<\/p>\n<p>Do Portal do Governo SP<\/p>\n","protected":false},"excerpt":{"rendered":"<p>A partir desta sexta-feira (11), a Escola T\u00e9cnica Estadual (Etec) Benedito Storani, em Jundia\u00ed, dar\u00e1 in\u00edcio ao segundo m\u00f3dulo do curso de qualifica\u00e7\u00e3o profissional em Gest\u00e3o de Equinocultura. A capacita\u00e7\u00e3o abre a Semana Cultural Equestre do munic\u00edpio, que vai at\u00e9 o pr\u00f3ximo dia 20. As primeiras aulas, realizadas no m\u00eas passado, certificaram 30 alunos em [&hellip;]<\/p>\n","protected":false},"author":2,"featured_media":36246,"comment_status":"open","ping_status":"closed","sticky":false,"template":"","format":"standard","meta":{"tdm_status":"","tdm_grid_status":"","footnotes":""},"categories":[22,351,370],"tags":[],"class_list":{"0":"post-141315","1":"post","2":"type-post","3":"status-publish","4":"format-standard","5":"has-post-thumbnail","7":"category-brasil","8":"category-cursos","9":"category-inscricao"},"_links":{"self":[{"href":"https:\/\/migracao.redenoticia.com.br\/noticia\/wp-json\/wp\/v2\/posts\/141315","targetHints":{"allow":["GET"]}}],"collection":[{"href":"https:\/\/migracao.redenoticia.com.br\/noticia\/wp-json\/wp\/v2\/posts"}],"about":[{"href":"https:\/\/migracao.redenoticia.com.br\/noticia\/wp-json\/wp\/v2\/types\/post"}],"author":[{"embeddable":true,"href":"https:\/\/migracao.redenoticia.com.br\/noticia\/wp-json\/wp\/v2\/users\/2"}],"replies":[{"embeddable":true,"href":"https:\/\/migracao.redenoticia.com.br\/noticia\/wp-json\/wp\/v2\/comments?post=141315"}],"version-history":[{"count":0,"href":"https:\/\/migracao.redenoticia.com.br\/noticia\/wp-json\/wp\/v2\/posts\/141315\/revisions"}],"wp:featuredmedia":[{"embeddable":true,"href":"https:\/\/migracao.redenoticia.com.br\/noticia\/wp-json\/wp\/v2\/media\/36246"}],"wp:attachment":[{"href":"https:\/\/migracao.redenoticia.com.br\/noticia\/wp-json\/wp\/v2\/media?parent=141315"}],"wp:term":[{"taxonomy":"category","embeddable":true,"href":"https:\/\/migracao.redenoticia.com.br\/noticia\/wp-json\/wp\/v2\/categories?post=141315"},{"taxonomy":"post_tag","embeddable":true,"href":"https:\/\/migracao.redenoticia.com.br\/noticia\/wp-json\/wp\/v2\/tags?post=141315"}],"curies":[{"name":"wp","href":"https:\/\/api.w.org\/{rel}","templated":true}]}}