{"id":141323,"date":"2018-05-11T16:50:36","date_gmt":"2018-05-11T19:50:36","guid":{"rendered":"https:\/\/www.redenoticia.com.br\/noticia\/?p=141323"},"modified":"2018-05-11T18:32:11","modified_gmt":"2018-05-11T21:32:11","slug":"resumo-novela-orgulho-e-paixao-12-05-lorde-williamson-vai-a-casa-dos-benedito","status":"publish","type":"post","link":"https:\/\/migracao.redenoticia.com.br\/noticia\/2018\/resumo-novela-orgulho-e-paixao-12-05-lorde-williamson-vai-a-casa-dos-benedito\/141323","title":{"rendered":"Resumo novela \u201cOrgulho e Paix\u00e3o\u201d 12\/05: Of\u00e9lia decide ir para S\u00e3o Paulo"},"content":{"rendered":"<p><img loading=\"lazy\" decoding=\"async\" src=\"https:\/\/migracao.redenoticia.com.br\/noticia\/imagens\/orgulho-e-paixao-novela-globo-resumo-Foto-Joao-Miguel-junior-tv-globo-150x112.jpg\" alt=\"\" width=\"150\" height=\"112\" class=\"alignleft size-thumbnail wp-image-134200\" srcset=\"https:\/\/migracao.redenoticia.com.br\/noticia\/imagens\/orgulho-e-paixao-novela-globo-resumo-Foto-Joao-Miguel-junior-tv-globo-150x112.jpg 150w, https:\/\/migracao.redenoticia.com.br\/noticia\/imagens\/orgulho-e-paixao-novela-globo-resumo-Foto-Joao-Miguel-junior-tv-globo-265x198.jpg 265w\" sizes=\"auto, (max-width: 150px) 100vw, 150px\" \/><strong><em>Resumo novela \u201cOrgulho e Paix\u00e3o\u201d 12\/05 <\/em><\/strong>: no cap\u00edtulo 047(*) da novela \u201cOrgulho e Paix\u00e3o\u201d, resumo de s\u00e1bado, 12 de maio, Mariana socorre Brand\u00e3o, que est\u00e1 ferido pelo tiro que levou de Xavier. Susana se surpreende ao ver Julieta chegar com Oleg\u00e1rio \u00e0 sua casa. Ernesto ajuda Ema em seu primeiro dia no corti\u00e7o. Mariana cuida de Brand\u00e3o e pede que Luccino convoque R\u00f4mulo para atender o coronel. Susana alerta Xavier para a revanche de Julieta. Julieta elogia Oleg\u00e1rio e o promove. Elisabeta lamenta com Ludmila por n\u00e3o encontrar L\u00eddia. Lorde Williamson questiona Darcy sobre Elisabeta. R\u00f4mulo medica Brand\u00e3o. Agatha vai \u00e0 casa de Brand\u00e3o e confronta Mariana. Julieta tenta denunciar Xavier na delegacia, mas Kleber protege o amigo. Ten\u00f3ria revela a Jorge que Ema, Elisabeta, Camilo e Ernesto est\u00e3o instalados no corti\u00e7o. L\u00eddia exige que Uirapuru a ame. Ema garante a Jorge que n\u00e3o deixar\u00e1 o corti\u00e7o. Pet\u00falia confirma a Susana que Darcy e Elisabeta reataram. Of\u00e9lia decide ir para S\u00e3o Paulo atr\u00e1s de suas filhas. Lorde Williamson chega \u00e0 casa dos Benedito.<\/p>\n<p>(*) edi\u00e7\u00e3o da Rede Globo, Novela \u201cOrgulho e Paix\u00e3o\u201d, sujeito a altera\u00e7\u00e3o de data e conte\u00fado.<\/p>\n<p>No fict\u00edcio Vale do Caf\u00e9, interior de S\u00e3o Paulo, nossos personagens vivem seus conflitos sociais e de conduta, que sempre se contrap\u00f5em aos desejos pessoais de cada um. Elisabeta (Nathalia Dill) \u00e9 uma mulher \u00e0 frente do seu tempo, com pensamentos igualit\u00e1rios e interesses at\u00edpicos para uma jovem do in\u00edcio do s\u00e9culo XX. Ela deseja trabalhar, conhecer o mundo e \u00e9 incentivada a realizar seus sonhos pelo pai, Felisberto (Tato Gabus Mendes), que vive \u00e0s turras com a mulher, Of\u00e9lia (Vera Holtz), por pensarem diferente sobre a cria\u00e7\u00e3o das filhas. Ao todo, o casal teve cinco mulheres, e cada uma com uma personalidade diferente.<\/p>\n<p>A personagem de Nathalia Dill entrar\u00e1 em conflito quando se apaixonar por Darcy (Thiago Lacerda), um homem de car\u00e1ter e muito sisudo. O amor n\u00e3o \u00e9 \u00e0 primeira vista, j\u00e1 que os dois n\u00e3o se entendem assim que se conhecem. O sentimento de repulsa dar\u00e1 lugar a uma grande paix\u00e3o, que ser\u00e1 negada pelo casal o m\u00e1ximo poss\u00edvel.<\/p>\n","protected":false},"excerpt":{"rendered":"<p>Resumo novela \u201cOrgulho e Paix\u00e3o\u201d 12\/05 : no cap\u00edtulo 047(*) da novela \u201cOrgulho e Paix\u00e3o\u201d, resumo de s\u00e1bado, 12 de maio, Mariana socorre Brand\u00e3o, que est\u00e1 ferido pelo tiro que levou de Xavier. Susana se surpreende ao ver Julieta chegar com Oleg\u00e1rio \u00e0 sua casa. Ernesto ajuda Ema em seu primeiro dia no corti\u00e7o. Mariana [&hellip;]<\/p>\n","protected":false},"author":4,"featured_media":140831,"comment_status":"open","ping_status":"closed","sticky":false,"template":"","format":"standard","meta":{"tdm_status":"","tdm_grid_status":"","footnotes":""},"categories":[379,467,375,343],"tags":[441],"class_list":{"0":"post-141323","1":"post","2":"type-post","3":"status-publish","4":"format-standard","5":"has-post-thumbnail","7":"category-novelas","8":"category-orgulho-e-paixao","9":"category-rede-globo","10":"category-televisao","11":"tag-resumo-do-dia"},"_links":{"self":[{"href":"https:\/\/migracao.redenoticia.com.br\/noticia\/wp-json\/wp\/v2\/posts\/141323","targetHints":{"allow":["GET"]}}],"collection":[{"href":"https:\/\/migracao.redenoticia.com.br\/noticia\/wp-json\/wp\/v2\/posts"}],"about":[{"href":"https:\/\/migracao.redenoticia.com.br\/noticia\/wp-json\/wp\/v2\/types\/post"}],"author":[{"embeddable":true,"href":"https:\/\/migracao.redenoticia.com.br\/noticia\/wp-json\/wp\/v2\/users\/4"}],"replies":[{"embeddable":true,"href":"https:\/\/migracao.redenoticia.com.br\/noticia\/wp-json\/wp\/v2\/comments?post=141323"}],"version-history":[{"count":0,"href":"https:\/\/migracao.redenoticia.com.br\/noticia\/wp-json\/wp\/v2\/posts\/141323\/revisions"}],"wp:featuredmedia":[{"embeddable":true,"href":"https:\/\/migracao.redenoticia.com.br\/noticia\/wp-json\/wp\/v2\/media\/140831"}],"wp:attachment":[{"href":"https:\/\/migracao.redenoticia.com.br\/noticia\/wp-json\/wp\/v2\/media?parent=141323"}],"wp:term":[{"taxonomy":"category","embeddable":true,"href":"https:\/\/migracao.redenoticia.com.br\/noticia\/wp-json\/wp\/v2\/categories?post=141323"},{"taxonomy":"post_tag","embeddable":true,"href":"https:\/\/migracao.redenoticia.com.br\/noticia\/wp-json\/wp\/v2\/tags?post=141323"}],"curies":[{"name":"wp","href":"https:\/\/api.w.org\/{rel}","templated":true}]}}