{"id":14135,"date":"2009-10-14T20:57:45","date_gmt":"2009-10-15T00:57:45","guid":{"rendered":"http:\/\/www.redenoticia.com.br\/noticia\/?p=14135"},"modified":"2009-10-14T20:57:45","modified_gmt":"2009-10-15T00:57:45","slug":"criancas-menores-de-tres-anos-tambem-podem-aprender","status":"publish","type":"post","link":"https:\/\/migracao.redenoticia.com.br\/noticia\/2009\/criancas-menores-de-tres-anos-tambem-podem-aprender\/14135","title":{"rendered":"Crian\u00e7as menores de tr\u00eas anos tamb\u00e9m podem aprender"},"content":{"rendered":"<p>Como se ensina crian\u00e7as menores de tr\u00eas anos? Esta \u00e9 a pergunta principal que norteia o conte\u00fado do livro &#8220;Ensinando aos pequenos de zero a tr\u00eas anos&#8221;, lan\u00e7ado neste m\u00eas na cidade de Caxambu, durante encontro da Associa\u00e7\u00e3o Nacional de P\u00f3s-Gradua\u00e7\u00e3o e Pesquisa em Educa\u00e7\u00e3o (ANPED). A obra \u00e9 organizada por Alessandra Arce, docente do Departamento de Educa\u00e7\u00e3o da UFSCar, e L\u00edgia Martins, professora da Faculdade de Ci\u00eancias da Unesp-Bauru.<br \/>\nO principal objetivo da obra \u00e9 mostrar que antes dos tr\u00eas anos \u00e9 poss\u00edvel aprender. Al\u00e9m disso, pretende-se discutir o significado do ensinar para esta faixa et\u00e1ria e a import\u00e2ncia da educa\u00e7\u00e3o para o desenvolvimento integral da crian\u00e7a. A obra possui textos de v\u00e1rios pesquisadores da \u00e1rea que refletem a maneira mais adequada em que pode ocorrer o processo de ensino-aprendizagem para crian\u00e7as at\u00e9 tr\u00eas anos.<br \/>\nAlessandra Arce, uma das organizadoras do livro, revela que a metodologia de trabalho com esse p\u00fablico pauta-se no fato de que a crian\u00e7a pequena interage com o mundo atrav\u00e9s da manipula\u00e7\u00e3o dos objetos criados pelo homem. &#8220;Essa manipula\u00e7\u00e3o dos objetos \u00e9 que possibilita o contato das crian\u00e7as com o mundo. Os professores devem conduzir este processo de explora\u00e7\u00e3o do mundo, apresentando-o para a crian\u00e7a&#8221;, considera Arce, que considera tamb\u00e9m que &#8220;\u00e9 preciso que o professor conhe\u00e7a o desenvolvimento biol\u00f3gico, ps\u00edquico e social das crian\u00e7as para dar in\u00edcio ao ensino&#8221;. Partindo dessa necessidade, a docente aponta que o livro centra-se na psicologia hist\u00f3rico-cultural para trabalhar o tema da educa\u00e7\u00e3o para os pequenos. &#8220;O livro fornece aos leitores uma nova vis\u00e3o sobre o trabalho com crian\u00e7as pequenas ao mesmo tempo em que discute a realidade que encontramos hoje nas escolas e nos cursos de forma\u00e7\u00e3o de professores&#8221;, revela Alessandra Arce.<br \/>\nA obra \u00e9 voltada para professores da Educa\u00e7\u00e3o Infantil e para estudantes de cursos de Pedagogia.<br \/>\nO livro foi publicado pela Editora \u00c1tomo e Al\u00ednea. Os interessados em adquir\u00ed-lo podem acessar o site<a href=\"http:\/\/www.atomoalinea.com.br\" target=\"_blank\">www.atomoalinea.com.br<\/a>.<\/p>\n","protected":false},"excerpt":{"rendered":"<p>Como se ensina crian\u00e7as menores de tr\u00eas anos? Esta \u00e9 a pergunta principal que norteia o conte\u00fado do livro &#8220;Ensinando aos pequenos de zero a tr\u00eas anos&#8221;, lan\u00e7ado neste m\u00eas na cidade de Caxambu, durante encontro da Associa\u00e7\u00e3o Nacional de P\u00f3s-Gradua\u00e7\u00e3o e Pesquisa em Educa\u00e7\u00e3o (ANPED). A obra \u00e9 organizada por Alessandra Arce, docente do [&hellip;]<\/p>\n","protected":false},"author":2,"featured_media":0,"comment_status":"open","ping_status":"open","sticky":false,"template":"","format":"standard","meta":{"tdm_status":"","tdm_grid_status":"","footnotes":""},"categories":[22],"tags":[],"class_list":{"0":"post-14135","1":"post","2":"type-post","3":"status-publish","4":"format-standard","6":"category-brasil"},"_links":{"self":[{"href":"https:\/\/migracao.redenoticia.com.br\/noticia\/wp-json\/wp\/v2\/posts\/14135","targetHints":{"allow":["GET"]}}],"collection":[{"href":"https:\/\/migracao.redenoticia.com.br\/noticia\/wp-json\/wp\/v2\/posts"}],"about":[{"href":"https:\/\/migracao.redenoticia.com.br\/noticia\/wp-json\/wp\/v2\/types\/post"}],"author":[{"embeddable":true,"href":"https:\/\/migracao.redenoticia.com.br\/noticia\/wp-json\/wp\/v2\/users\/2"}],"replies":[{"embeddable":true,"href":"https:\/\/migracao.redenoticia.com.br\/noticia\/wp-json\/wp\/v2\/comments?post=14135"}],"version-history":[{"count":0,"href":"https:\/\/migracao.redenoticia.com.br\/noticia\/wp-json\/wp\/v2\/posts\/14135\/revisions"}],"wp:attachment":[{"href":"https:\/\/migracao.redenoticia.com.br\/noticia\/wp-json\/wp\/v2\/media?parent=14135"}],"wp:term":[{"taxonomy":"category","embeddable":true,"href":"https:\/\/migracao.redenoticia.com.br\/noticia\/wp-json\/wp\/v2\/categories?post=14135"},{"taxonomy":"post_tag","embeddable":true,"href":"https:\/\/migracao.redenoticia.com.br\/noticia\/wp-json\/wp\/v2\/tags?post=14135"}],"curies":[{"name":"wp","href":"https:\/\/api.w.org\/{rel}","templated":true}]}}