{"id":141378,"date":"2018-05-12T19:03:47","date_gmt":"2018-05-12T22:03:47","guid":{"rendered":"https:\/\/www.redenoticia.com.br\/noticia\/?p=141378"},"modified":"2018-05-12T19:03:47","modified_gmt":"2018-05-12T22:03:47","slug":"previsao-do-tempo-brasil-neste-domingo-13-05","status":"publish","type":"post","link":"https:\/\/migracao.redenoticia.com.br\/noticia\/2018\/previsao-do-tempo-brasil-neste-domingo-13-05\/141378","title":{"rendered":"Previs\u00e3o do tempo Brasil neste domingo (13\/05)"},"content":{"rendered":"<p><img loading=\"lazy\" decoding=\"async\" class=\"alignleft wp-image-28409 size-thumbnail\" src=\"https:\/\/migracao.redenoticia.com.br\/noticia\/imagens\/previsao-do-tempo-e-temperatura-150x96.jpg\" alt=\"Previs\u00e3o do tempo para o Brasil\" width=\"150\" height=\"96\" srcset=\"https:\/\/migracao.redenoticia.com.br\/noticia\/imagens\/previsao-do-tempo-e-temperatura-150x96.jpg 150w, https:\/\/migracao.redenoticia.com.br\/noticia\/imagens\/previsao-do-tempo-e-temperatura-250x160.jpg 250w, https:\/\/migracao.redenoticia.com.br\/noticia\/imagens\/previsao-do-tempo-e-temperatura.jpg 300w\" sizes=\"auto, (max-width: 150px) 100vw, 150px\" \/><strong><em>A previs\u00e3o do tempo\u00a0e temperatura<\/em><\/strong> CPTEC\/INPE para domingo (13\/05) indica que uma frente fria avan\u00e7ar\u00e1 pelo leste da Regi\u00e3o Sudeste, deixando o tempo com muitas nuvens e condi\u00e7\u00f5es para chuva, principalmente, entre o litoral de SP e o sul do RJ. Na faixa norte do Brasil, entre o AM e o norte do Nordeste brasileiro persistir\u00e3o as pancadas de chuva. O tempo tamb\u00e9m seguir\u00e1 inst\u00e1vel em parte do leste do Nordeste, principalmente entre a PB e PE, onde pontualmente podem ocorrer acumulados significativo de precipita\u00e7\u00e3o.<\/p>\n<p>Previs\u00e3o do tempo para o Vale do Para\u00edba 13\/05\/2018: no Litoral Norte o dia ser\u00e1 com muitas nuvens e per\u00edodos de chuvas isoladas. Nas demais \u00e1reas da Regi\u00e3o haver\u00e1 muita nebulosidade e pequena chance de chuvas fracas. A temperatura m\u00e1xima estar\u00e1 em decl\u00ednio.<\/p>\n<p>Previs\u00e3o do tempo para a Regi\u00e3o Centro-Oeste 13\/05\/2018:No norte de MT haver\u00e1 possibilidade de pancadas de chuva a partir da tarde. No oeste de MT haver\u00e1 pancadas de chuva a partir da tarde. No sul de GO e sudeste de MT haver\u00e1 possibilidade de chuva. Nas demais \u00e1reas da regi\u00e3o o sol ir\u00e1 predominar. Temperatura est\u00e1vel.<\/p>\n<p>Previs\u00e3o do tempo para a Regi\u00e3o Nordeste 13\/05\/2018:No norte da regi\u00e3o o dia ser\u00e1 de pancadas de chuva localizadas. No interior da PB e de PE, centro do MA, PI e do CE haver\u00e1 possibilidade de pancadas de chuva a partir da tarde. No litoral leste o tempo estar\u00e1 inst\u00e1vel. Nas demais \u00e1reas da regi\u00e3o o sol ir\u00e1 predominar. Temperatura est\u00e1vel.<\/p>\n<p>Previs\u00e3o do tempo para a Regi\u00e3o Norte 13\/05\/2018:No centro-sul do TO haver\u00e1 predom\u00ednio de sol. No leste-oeste da regi\u00e3o o dia ser\u00e1 de possibilidade de pancadas de chuva localizadas a partir da tarde. Nas demais \u00e1reas da regi\u00e3o haver\u00e1 pancadas de chuva isoladas, podendo ser localmente fortes. Temperatura est\u00e1vel.<\/p>\n<p>Previs\u00e3o do tempo para a Regi\u00e3o Sudeste 13\/05\/2018:No sul do ES haver\u00e1 possibilidade de chuva \u00e0 tarde. No litoral sul do RJ e litoral norte de SP o dia ser\u00e1 de chuva isolada. Nas demais \u00e1reas litor\u00e2neas de SP, sul e oeste de MG, norte e leste de SP e demais \u00e1reas do RJ o dia ser\u00e1 nublado com possibilidade de chuva. Nas demais \u00e1reas da regi\u00e3o o sol ir\u00e1 predominar. Temperatura amena.<\/p>\n<p>Previs\u00e3o do tempo para a Regi\u00e3o Sul 13\/05\/2018:Em todas as \u00e1reas da regi\u00e3o o sol predominar\u00e1. Possibilidade de geada nas \u00e1reas de serra de SC e do RS. Temperatura baixa, pela parte da manh\u00e3.<\/p>\n<p>Fonte &#8216;Previs\u00e3o do tempo&#8217; CPTEC<\/p>\n","protected":false},"excerpt":{"rendered":"<p>A previs\u00e3o do tempo\u00a0e temperatura CPTEC\/INPE para domingo (13\/05) indica que uma frente fria avan\u00e7ar\u00e1 pelo leste da Regi\u00e3o Sudeste, deixando o tempo com muitas nuvens e condi\u00e7\u00f5es para chuva, principalmente, entre o litoral de SP e o sul do RJ. Na faixa norte do Brasil, entre o AM e o norte do Nordeste brasileiro [&hellip;]<\/p>\n","protected":false},"author":4,"featured_media":28411,"comment_status":"open","ping_status":"closed","sticky":false,"template":"","format":"standard","meta":{"tdm_status":"","tdm_grid_status":"","footnotes":""},"categories":[327,376],"tags":[475],"class_list":{"0":"post-141378","1":"post","2":"type-post","3":"status-publish","4":"format-standard","5":"has-post-thumbnail","7":"category-clima","8":"category-clima-brasil","9":"tag-previsao-tempo"},"_links":{"self":[{"href":"https:\/\/migracao.redenoticia.com.br\/noticia\/wp-json\/wp\/v2\/posts\/141378","targetHints":{"allow":["GET"]}}],"collection":[{"href":"https:\/\/migracao.redenoticia.com.br\/noticia\/wp-json\/wp\/v2\/posts"}],"about":[{"href":"https:\/\/migracao.redenoticia.com.br\/noticia\/wp-json\/wp\/v2\/types\/post"}],"author":[{"embeddable":true,"href":"https:\/\/migracao.redenoticia.com.br\/noticia\/wp-json\/wp\/v2\/users\/4"}],"replies":[{"embeddable":true,"href":"https:\/\/migracao.redenoticia.com.br\/noticia\/wp-json\/wp\/v2\/comments?post=141378"}],"version-history":[{"count":0,"href":"https:\/\/migracao.redenoticia.com.br\/noticia\/wp-json\/wp\/v2\/posts\/141378\/revisions"}],"wp:featuredmedia":[{"embeddable":true,"href":"https:\/\/migracao.redenoticia.com.br\/noticia\/wp-json\/wp\/v2\/media\/28411"}],"wp:attachment":[{"href":"https:\/\/migracao.redenoticia.com.br\/noticia\/wp-json\/wp\/v2\/media?parent=141378"}],"wp:term":[{"taxonomy":"category","embeddable":true,"href":"https:\/\/migracao.redenoticia.com.br\/noticia\/wp-json\/wp\/v2\/categories?post=141378"},{"taxonomy":"post_tag","embeddable":true,"href":"https:\/\/migracao.redenoticia.com.br\/noticia\/wp-json\/wp\/v2\/tags?post=141378"}],"curies":[{"name":"wp","href":"https:\/\/api.w.org\/{rel}","templated":true}]}}