{"id":14141,"date":"2009-10-14T21:04:34","date_gmt":"2009-10-15T01:04:34","guid":{"rendered":"http:\/\/www.redenoticia.com.br\/noticia\/?p=14141"},"modified":"2009-10-14T21:04:34","modified_gmt":"2009-10-15T01:04:34","slug":"climatempo-meteorologia-%e2%80%93-frente-fria-avanca-com-alertas-de-chuva-forte","status":"publish","type":"post","link":"https:\/\/migracao.redenoticia.com.br\/noticia\/2009\/climatempo-meteorologia-%e2%80%93-frente-fria-avanca-com-alertas-de-chuva-forte\/14141","title":{"rendered":"Climatempo Meteorologia \u2013 frente fria avan\u00e7a com alertas de chuva forte"},"content":{"rendered":"<p><strong><a href=\"https:\/\/migracao.redenoticia.com.br\/noticia\/imagens\/\/climatempo1409.jpg\"><img loading=\"lazy\" decoding=\"async\" class=\"alignleft size-full wp-image-11532\" title=\"climatempo1409\" src=\"https:\/\/migracao.redenoticia.com.br\/noticia\/imagens\/\/climatempo1409.jpg\" alt=\"climatempo1409\" width=\"150\" height=\"113\" srcset=\"https:\/\/migracao.redenoticia.com.br\/noticia\/imagens\/climatempo1409.jpg 150w, https:\/\/migracao.redenoticia.com.br\/noticia\/imagens\/climatempo1409-148x112.jpg 148w\" sizes=\"auto, (max-width: 150px) 100vw, 150px\" \/><\/a>Climatempo Meteorologia<\/strong> \u2013 nesta quinta-feira (15\/10), uma <strong>frente fria<\/strong> que avan\u00e7a pelo Sul refor\u00e7a as \u00e1reas de instabilidade que chegaram ao oeste da Regi\u00e3o. Ainda nesta noite de quarta-feira e ao longo da madrugada de quinta-feira as condi\u00e7\u00f5es s\u00e3o favor\u00e1veis a ocorr\u00eancia de chuva forte acompanhada de rajadas de vento, descargas el\u00e9tricas e eventual queda de granizo no centro-norte e no oeste do Rio Grande do Sul, em Santa Catarina, no sul,\u00a0 no oeste e no centro-norte do Paran\u00e1. Na quinta-feira, o sol aparece, mas a chegada de uma frente fria provoca aumento de nuvens e chuva j\u00e1 pela manh\u00e3 no sul de S\u00e3o Paulo. Nas demais \u00e1reas paulistas, no Rio de Janeiro, no centro-sul do Esp\u00edrito Santo e no centro-sul e no oeste de Minas, o sol brilha forte e ocorrem pancadas isoladas de chuva \u00e0 tarde e \u00e0 noite. H\u00e1 risco de chuva forte com rajadas de vento na capital paulista. Nas demais \u00e1reas de Minas Gerais e do Esp\u00edrito Santo, o sol brilha forte e n\u00e3o chove.<\/p>\n<p>Segundo a Climatempo, na quinta-feira, o sol brilha forte, faz calor e n\u00e3o chove em Roraima, no Amap\u00e1 e no norte do Par\u00e1. No sul do Amazonas e em Rond\u00f4nia, o sol aparece fraco entre muitas nuvens e ocorrem pancadas de chuva a qualquer hora. Nas demais \u00e1reas do Norte do Pa\u00eds, o sol brilha forte e o tempo abafado favorece a forma\u00e7\u00e3o de nuvens que provocam pancadas isoladas de chuva \u00e0 tarde e \u00e0 noite. Na quinta-feira, o sol brilha forte e chove de forma r\u00e1pida e isolada no sul e no leste da Bahia, no Planalto da Conquista e na faixa leste que vai do Rio Grande do Norte ao Sergipe. Sol forte, calor e chuva passageira tamb\u00e9m no sul do Piau\u00ed e do Maranh\u00e3o. Nas demais \u00e1reas do Nordeste do Pa\u00eds, uma massa de ar seco predomina e deixa o tempo fica firme.<\/p>\n<p>Dados Climatempo indicam que, na quinta-feira, uma frente fria deixa o c\u00e9u nublado e provoca chuva a qualquer hora no sul e no oeste de Mato Grosso do Sul. O sol brilha forte, faz calor e ocorrem pancadas isoladas de chuva \u00e0 tarde e \u00e0 noite em Goi\u00e1s e no nordeste de Mato Grosso. Nas demais \u00e1reas do Centro-Oeste, o sol aparece fraco entre muitas nuvens e ocorrem pancadas de chuva a qualquer hora do dia.<\/p>\n<p>Sobre o Grupo Climatempo &#8211; O Grupo Climatempo \u00e9 a maior empresa privada de meteorologia do pa\u00eds. Uma holding formada pela Climatempo Consultoria, Ag\u00eancia Climatempo, a TV Climatempo e a CLIMANET (Internet, servi\u00e7os de tecnologia e inform\u00e1tica). Atualmente, o Grupo Climatempo fornece conte\u00fado para os principais portais do pa\u00eds, mais de 50 retransmissoras de televis\u00e3o do Brasil, r\u00e1dios e tem cerca de mil clientes. Os dois principais segmentos atendidos s\u00e3o o de agroneg\u00f3cios e meios de comunica\u00e7\u00e3o. Al\u00e9m destes, fornece conte\u00fado meteorol\u00f3gico estrat\u00e9gico para produtoras, a ind\u00fastria eletroeletr\u00f4nica e t\u00eaxtil, com\u00e9rcio, moda e turismo, constru\u00e7\u00e3o civil, setor de energia, entre outros setores.<\/p>\n<p>O Grupo \u00e9 presidido pelo meteorologista Carlos Magno, um dos primeiros comunicadores da profiss\u00e3o no Pa\u00eds, com mais de 23 anos de carreira, que ajudou a mudar a cultura que o brasileiro tinha sobre a meteorologia. O Grupo Climatempo conta ainda com Ana L\u00facia Frony vice-presidente, Renato Urbinder, s\u00f3cio-diretor (Diretor de Neg\u00f3cios e Projetos Especiais), e os diretores executivos Gilca Palma (Climatempo Meteorologia), Andr\u00e9 Madeira (Ag\u00eancia Climatempo) e o jornalista Paulo Polli (TV Climatempo) no Conselho Consultivo.<\/p>\n","protected":false},"excerpt":{"rendered":"<p>Climatempo Meteorologia \u2013 nesta quinta-feira (15\/10), uma frente fria que avan\u00e7a pelo Sul refor\u00e7a as \u00e1reas de instabilidade que chegaram ao oeste da Regi\u00e3o. Ainda nesta noite de quarta-feira e ao longo da madrugada de quinta-feira as condi\u00e7\u00f5es s\u00e3o favor\u00e1veis a ocorr\u00eancia de chuva forte acompanhada de rajadas de vento, descargas el\u00e9tricas e eventual queda [&hellip;]<\/p>\n","protected":false},"author":3,"featured_media":0,"comment_status":"open","ping_status":"open","sticky":false,"template":"","format":"standard","meta":{"tdm_status":"","tdm_grid_status":"","footnotes":""},"categories":[22,327,376],"tags":[],"class_list":{"0":"post-14141","1":"post","2":"type-post","3":"status-publish","4":"format-standard","6":"category-brasil","7":"category-clima","8":"category-clima-brasil"},"_links":{"self":[{"href":"https:\/\/migracao.redenoticia.com.br\/noticia\/wp-json\/wp\/v2\/posts\/14141","targetHints":{"allow":["GET"]}}],"collection":[{"href":"https:\/\/migracao.redenoticia.com.br\/noticia\/wp-json\/wp\/v2\/posts"}],"about":[{"href":"https:\/\/migracao.redenoticia.com.br\/noticia\/wp-json\/wp\/v2\/types\/post"}],"author":[{"embeddable":true,"href":"https:\/\/migracao.redenoticia.com.br\/noticia\/wp-json\/wp\/v2\/users\/3"}],"replies":[{"embeddable":true,"href":"https:\/\/migracao.redenoticia.com.br\/noticia\/wp-json\/wp\/v2\/comments?post=14141"}],"version-history":[{"count":0,"href":"https:\/\/migracao.redenoticia.com.br\/noticia\/wp-json\/wp\/v2\/posts\/14141\/revisions"}],"wp:attachment":[{"href":"https:\/\/migracao.redenoticia.com.br\/noticia\/wp-json\/wp\/v2\/media?parent=14141"}],"wp:term":[{"taxonomy":"category","embeddable":true,"href":"https:\/\/migracao.redenoticia.com.br\/noticia\/wp-json\/wp\/v2\/categories?post=14141"},{"taxonomy":"post_tag","embeddable":true,"href":"https:\/\/migracao.redenoticia.com.br\/noticia\/wp-json\/wp\/v2\/tags?post=14141"}],"curies":[{"name":"wp","href":"https:\/\/api.w.org\/{rel}","templated":true}]}}