{"id":141479,"date":"2018-05-14T16:19:38","date_gmt":"2018-05-14T19:19:38","guid":{"rendered":"https:\/\/www.redenoticia.com.br\/noticia\/?p=141479"},"modified":"2018-05-14T17:39:28","modified_gmt":"2018-05-14T20:39:28","slug":"resumo-novela-carinha-de-anjo-15-05-gustavo-e-cecilia-se-beijam","status":"publish","type":"post","link":"https:\/\/migracao.redenoticia.com.br\/noticia\/2018\/resumo-novela-carinha-de-anjo-15-05-gustavo-e-cecilia-se-beijam\/141479","title":{"rendered":"Resumo novela \u201cCarinha de Anjo\u201d 15\/05: Gustavo e Cec\u00edlia se beijam"},"content":{"rendered":"<p><img loading=\"lazy\" decoding=\"async\" class=\"alignleft size-thumbnail wp-image-99331\" src=\"https:\/\/migracao.redenoticia.com.br\/noticia\/imagens\/carinha_de_anjo_sbt_novela_resumo_capitulo-150x112.jpg\" alt=\"carinha_de_anjo_sbt_novela_resumo_capitulo\" width=\"150\" height=\"112\" srcset=\"https:\/\/migracao.redenoticia.com.br\/noticia\/imagens\/carinha_de_anjo_sbt_novela_resumo_capitulo-150x112.jpg 150w, https:\/\/migracao.redenoticia.com.br\/noticia\/imagens\/carinha_de_anjo_sbt_novela_resumo_capitulo-265x198.jpg 265w\" sizes=\"auto, (max-width: 150px) 100vw, 150px\" \/><strong><em>Resumo novela \u201cCarinha de Anjo\u201d 15\/05 <\/em><\/strong>: no cap\u00edtulo 387(*) da novela \u201cCarinha de Anjo\u201d, resumo de ter\u00e7a-feira, 15 de maio, Haydee diz ao filho que n\u00e3o pode conviver com algu\u00e9m que fez e faz tanto mal aos outros. Fl\u00e1vio chora, diz que a m\u00e3e vai se arrepender e que ele voltar\u00e1 para se vingar. Gustavo conversa com Padre Gabriel e revela que ficou sabendo que Leonardo mandou mais do que devia na empresa em sua aus\u00eancia. Lulu conta para Dulce Maria o que escutou sobre a separa\u00e7\u00e3o de Gustavo e Cec\u00edlia. <\/p>\n<p>Haydee e Adolfo v\u00e3o at\u00e9 a casa de F\u00e1tima para falar com Cec\u00edlia. Eles revelam que possuem provas de que Gustavo n\u00e3o fez nada e tudo foi uma arma\u00e7\u00e3o de Fl\u00e1vio. Mais tarde, Fl\u00e1vio vai ao apartamento de Leonardo, diz que o jogo virou e que ele tem at\u00e9 o final do dia para lhe entregar muita grana para ele ir embora, caso contr\u00e1rio ir\u00e1 revelar para Gustavo toda verdade sobre Fl\u00e1vio. Madre Superiora conversa com a m\u00e3e de Frida para contar sobre o comportamento dela. Cec\u00edlia vai atr\u00e1s de Gustavo para pedir perd\u00e3o ao esposo e diz que foram v\u00edtimas de um golpe. <\/p>\n<p>Crist\u00f3v\u00e3o diz que n\u00e3o compreende a mando de quem Fl\u00e1vio est\u00e1 agindo. Haydee lembra de uma visita feita por Leonardo assim que Nicole morreu amea\u00e7ando eles. Crist\u00f3v\u00e3o percebe ent\u00e3o que est\u00e1 tudo claro e que Leonardo sempre esteve por tr\u00e1s de tudo usando Fl\u00e1vio. Gustavo e Cec\u00edlia se beijam. Silvana diz para Leonardo que Fl\u00e1vio n\u00e3o para de ligar atr\u00e1s dele. Leonardo \u00e9 rude com a secret\u00e1ria, que desconfia.<\/p>\n<p>(*) edi\u00e7\u00e3o do SBT, Novela \u201cCarinha de Anjo\u201d, sujeito a altera\u00e7\u00e3o de data e conte\u00fado.<\/p>\n<p>Carinha de Anjo \u00e9 uma telenovela brasileira produzida e exibida originalmente pelo SBT desde o dia 21 de novembro de 2016, substituindo o hor\u00e1rio anteriormente ocupado por C\u00famplices de um Resgate. A telenovela \u00e9 inspirada na mexicana Carita de \u00e1ngel, que, por sua vez, \u00e9 um remake de Mundo de juguete, ambas produzidas pela Televisa e que haviam sido baseadas na trama argentina escrita por Abel Santa Cruz, Pap\u00e1 coraz\u00f3n. Esta ser\u00e1 a segunda adapta\u00e7\u00e3o brasileira da obra original argentina, visto que a Rede Tupi apresentou em 1976 a sua primeira vers\u00e3o, chamada de Papai Cora\u00e7\u00e3o. A nova vers\u00e3o \u00e9 escrita por Leonor Corr\u00eaa, com supervis\u00e3o de \u00cdris Abravanel e dire\u00e7\u00e3o geral de Ricardo Mantoanelli. A trama conta com Lorena Queiroz, Bia Arantes, Carlo Porto, Priscila Sol, Dani Gondim, Karin Hils, Eliana Guttman e Lucero nos pap\u00e9is principais.<\/p>\n","protected":false},"excerpt":{"rendered":"<p>Resumo novela \u201cCarinha de Anjo\u201d 15\/05 : no cap\u00edtulo 387(*) da novela \u201cCarinha de Anjo\u201d, resumo de ter\u00e7a-feira, 15 de maio, Haydee diz ao filho que n\u00e3o pode conviver com algu\u00e9m que fez e faz tanto mal aos outros. Fl\u00e1vio chora, diz que a m\u00e3e vai se arrepender e que ele voltar\u00e1 para se vingar. [&hellip;]<\/p>\n","protected":false},"author":4,"featured_media":99331,"comment_status":"open","ping_status":"closed","sticky":false,"template":"","format":"standard","meta":{"tdm_status":"","tdm_grid_status":"","footnotes":""},"categories":[452,379,372,343],"tags":[441],"class_list":{"0":"post-141479","1":"post","2":"type-post","3":"status-publish","4":"format-standard","5":"has-post-thumbnail","7":"category-carinha-de-anjo","8":"category-novelas","9":"category-sbt","10":"category-televisao","11":"tag-resumo-do-dia"},"_links":{"self":[{"href":"https:\/\/migracao.redenoticia.com.br\/noticia\/wp-json\/wp\/v2\/posts\/141479","targetHints":{"allow":["GET"]}}],"collection":[{"href":"https:\/\/migracao.redenoticia.com.br\/noticia\/wp-json\/wp\/v2\/posts"}],"about":[{"href":"https:\/\/migracao.redenoticia.com.br\/noticia\/wp-json\/wp\/v2\/types\/post"}],"author":[{"embeddable":true,"href":"https:\/\/migracao.redenoticia.com.br\/noticia\/wp-json\/wp\/v2\/users\/4"}],"replies":[{"embeddable":true,"href":"https:\/\/migracao.redenoticia.com.br\/noticia\/wp-json\/wp\/v2\/comments?post=141479"}],"version-history":[{"count":0,"href":"https:\/\/migracao.redenoticia.com.br\/noticia\/wp-json\/wp\/v2\/posts\/141479\/revisions"}],"wp:featuredmedia":[{"embeddable":true,"href":"https:\/\/migracao.redenoticia.com.br\/noticia\/wp-json\/wp\/v2\/media\/99331"}],"wp:attachment":[{"href":"https:\/\/migracao.redenoticia.com.br\/noticia\/wp-json\/wp\/v2\/media?parent=141479"}],"wp:term":[{"taxonomy":"category","embeddable":true,"href":"https:\/\/migracao.redenoticia.com.br\/noticia\/wp-json\/wp\/v2\/categories?post=141479"},{"taxonomy":"post_tag","embeddable":true,"href":"https:\/\/migracao.redenoticia.com.br\/noticia\/wp-json\/wp\/v2\/tags?post=141479"}],"curies":[{"name":"wp","href":"https:\/\/api.w.org\/{rel}","templated":true}]}}