{"id":141481,"date":"2018-05-14T16:20:46","date_gmt":"2018-05-14T19:20:46","guid":{"rendered":"https:\/\/www.redenoticia.com.br\/noticia\/?p=141481"},"modified":"2018-05-14T17:39:53","modified_gmt":"2018-05-14T20:39:53","slug":"resumo-novela-chiquititas-15-05-marian-descobre-que-mili-e-filha-de-gabriela","status":"publish","type":"post","link":"https:\/\/migracao.redenoticia.com.br\/noticia\/2018\/resumo-novela-chiquititas-15-05-marian-descobre-que-mili-e-filha-de-gabriela\/141481","title":{"rendered":"Resumo novela \u201cChiquititas\u201d 15\/05: Marian descobre que Mili \u00e9 filha de Gabriela"},"content":{"rendered":"<p><img loading=\"lazy\" decoding=\"async\" class=\"alignleft size-thumbnail wp-image-49690\" src=\"https:\/\/migracao.redenoticia.com.br\/noticia\/imagens\/chiquititas1-150x112.jpg\" alt=\"chiquititas\" width=\"150\" height=\"112\" \/><strong><em>Resumo novela \u201cChiquititas\u201d 15\/05 <\/em><\/strong>: no cap\u00edtulo 436(*) da novela \u201cChiquititas\u201d, resumo de ter\u00e7a-feira, 15 de maio, Maria pede para a boneca Laura aparecer como menina para que B\u00e1rbara acredite que \u00e9 uma boneca e n\u00e3o uma humana. Juca tenta beijar Bia, mas acaba levando um tapa no rosto. Bia pede desculpa, mas diz que n\u00e3o rolou clima al\u00e9m de amizade entre eles. Juca pergunta se ela nunca beijou. Bia diz que n\u00e3o, mas que n\u00e3o est\u00e1 afim de aprender neste momento. Marian estranha toda a hist\u00f3ria de Carmen, que pediu para ela se passar por filha de Gabriela. B\u00e1rbara avisa que teve v\u00e1rias profiss\u00f5es de veterin\u00e1ria a professora \u2013 e que seu marido est\u00e1 a caminho. <\/p>\n<p>O marido dela vai ao orfanato e reencontra B\u00e1rbara. Os dois v\u00e3o embora num carro convers\u00edvel. Marian diz para Carmen que descobriu tudo e que Mili \u00e9 a filha de Gabriela. Carmen diz que \u00e9 verdade e grita para Marian manter a boca fechada sobre isso. Maria v\u00ea Barbara indo embora de carro. Laura diz que as duas precisam tomar mais cuidado com o que desejam que tome vida. Ao entrarem no orfanato, a cachorra Pipoca, que est\u00e1 sozinha, brinca no jardim com a boneca verdadeira (em formato de brinquedo). Edgard recomenda que Bia fique longe de Juca. Andreia vai at\u00e9 o consult\u00f3rio de Fernando e diz que ele deve ajud\u00e1-la em um novo plano para afastar Carol de Junior. Fernando liga para Junior, que estava jantando com Carol e Dani, diz que Andreia n\u00e3o estava bem e pede para ele busc\u00e1-la no hospital. Fernando diz que Andreia teve uma reca\u00edda e que n\u00e3o pode ficar sozinha em casa. <\/p>\n<p>Junior diz que ela pode ficar em sua casa. Samuca diz que Vivi precisa falar sobre algo que ela entenda no v\u00eddeo do Vlog. Os meninos encrenqueiros deixam um r\u00e1dio escuta na casa da \u00e1rvore para escutar o que a chapa das chiquitias est\u00e1 discutindo. Carmen decide averiguar o passado de Marian e vai at\u00e9 a casa do casal que adotou a menina pela primeira vez. Armando vai preso por desvio de dinheiro. Os vizinhos encrenqueiros escutam e anotam tudo sobre a reuni\u00e3o da chapa das chiquitias. Bia descobre que Juca e Pa\u00e7oca s\u00e3o colegas. A mulher que adotou Marian diz que a menina enganou ela e que a garota era incontrol\u00e1vel e dona de um olhar frio.<\/p>\n<p>(*) edi\u00e7\u00e3o do SBT, Novela \u201cChiquititas\u201d, sujeito a altera\u00e7\u00e3o de data e conte\u00fado.<\/p>\n<p>Chiquititas gira em torno do orfanato Raio de Luz, que carrega em sua hist\u00f3ria um grande segredo envolvendo a fam\u00edlia e o dono do orfanato, Dr. Jos\u00e9 Ricardo Almeida Campos. Em um per\u00edodo anterior \u00e0 novela, exatos treze anos, sua filha Gabriela se apaixonou e ficou gr\u00e1vida de Miguel, filho de Valentina, empregada da casa dos Almeida Campos. Pouco depois, Jos\u00e9 Ricardo sequestrou sua neta, pois, como um homem conservador, ele n\u00e3o aceitava a ideia de que sua filha se envolvesse com um empregado. Como sua neta, Milena, apelidada como Mili, precisava de um lugar para morar, ele comprou um casar\u00e3o e fundou um orfanato, o Raio de Luz. Mili cresceu l\u00e1 com outras garotas que chegaram posteriormente: Bia, Ana, as irm\u00e3s Tati e Vivi, e Cris. Ao decorrer dos anos, elas se tornam uma fam\u00edlia. Elas s\u00e3o supervisionadas por Ernestina, zeladora do orfanato, e Chico, o cozinheiro amado pelas internas. Sofia, ex-governanta da fam\u00edlia Almeida Campos, \u00e9 a diretora do lugar, at\u00e9 que Carmem, irm\u00e3 de Jos\u00e9 Ricardo, entre em seu lugar. Chegam ainda mais \u00f3rf\u00e3os: Pata, Mosca, Binho e Rafa, que viviam nas ruas antes de entrarem na institui\u00e7\u00e3o. Pata e Mili tornam-se amigas rapidamente, enquanto Mosca, Binho e Rafa s\u00e3o os primeiros garotos a entrar no abrigo. As crian\u00e7as sem-teto foram ajudadas por uma doce e bela garota que tocam e mudam a vida delas, assim como as das garotas \u00f3rf\u00e3s.<\/p>\n","protected":false},"excerpt":{"rendered":"<p>Resumo novela \u201cChiquititas\u201d 15\/05 : no cap\u00edtulo 436(*) da novela \u201cChiquititas\u201d, resumo de ter\u00e7a-feira, 15 de maio, Maria pede para a boneca Laura aparecer como menina para que B\u00e1rbara acredite que \u00e9 uma boneca e n\u00e3o uma humana. Juca tenta beijar Bia, mas acaba levando um tapa no rosto. Bia pede desculpa, mas diz que [&hellip;]<\/p>\n","protected":false},"author":4,"featured_media":49690,"comment_status":"open","ping_status":"closed","sticky":false,"template":"","format":"standard","meta":{"tdm_status":"","tdm_grid_status":"","footnotes":""},"categories":[409,379,372,343],"tags":[441],"class_list":{"0":"post-141481","1":"post","2":"type-post","3":"status-publish","4":"format-standard","5":"has-post-thumbnail","7":"category-chiquititas","8":"category-novelas","9":"category-sbt","10":"category-televisao","11":"tag-resumo-do-dia"},"_links":{"self":[{"href":"https:\/\/migracao.redenoticia.com.br\/noticia\/wp-json\/wp\/v2\/posts\/141481","targetHints":{"allow":["GET"]}}],"collection":[{"href":"https:\/\/migracao.redenoticia.com.br\/noticia\/wp-json\/wp\/v2\/posts"}],"about":[{"href":"https:\/\/migracao.redenoticia.com.br\/noticia\/wp-json\/wp\/v2\/types\/post"}],"author":[{"embeddable":true,"href":"https:\/\/migracao.redenoticia.com.br\/noticia\/wp-json\/wp\/v2\/users\/4"}],"replies":[{"embeddable":true,"href":"https:\/\/migracao.redenoticia.com.br\/noticia\/wp-json\/wp\/v2\/comments?post=141481"}],"version-history":[{"count":0,"href":"https:\/\/migracao.redenoticia.com.br\/noticia\/wp-json\/wp\/v2\/posts\/141481\/revisions"}],"wp:featuredmedia":[{"embeddable":true,"href":"https:\/\/migracao.redenoticia.com.br\/noticia\/wp-json\/wp\/v2\/media\/49690"}],"wp:attachment":[{"href":"https:\/\/migracao.redenoticia.com.br\/noticia\/wp-json\/wp\/v2\/media?parent=141481"}],"wp:term":[{"taxonomy":"category","embeddable":true,"href":"https:\/\/migracao.redenoticia.com.br\/noticia\/wp-json\/wp\/v2\/categories?post=141481"},{"taxonomy":"post_tag","embeddable":true,"href":"https:\/\/migracao.redenoticia.com.br\/noticia\/wp-json\/wp\/v2\/tags?post=141481"}],"curies":[{"name":"wp","href":"https:\/\/api.w.org\/{rel}","templated":true}]}}