{"id":1415,"date":"2009-05-09T10:22:00","date_gmt":"2009-05-09T14:22:00","guid":{"rendered":"http:\/\/www.redenoticia.com.br\/noticia\/?p=1415"},"modified":"2009-05-09T12:06:27","modified_gmt":"2009-05-09T16:06:27","slug":"vencimento-da-mensalidade-da-ulbra-ji-parana-adiado-para-15-de-maio","status":"publish","type":"post","link":"https:\/\/migracao.redenoticia.com.br\/noticia\/2009\/vencimento-da-mensalidade-da-ulbra-ji-parana-adiado-para-15-de-maio\/1415","title":{"rendered":"Vencimento da mensalidade da ULBRA Ji-Paran\u00e1 adiado para 15 de maio"},"content":{"rendered":"<p>Dando continuidade ao trabalho desenvolvido pela nova Reitoria da ULBRA, que tomou posse no \u00faltimo dia 24 de abril e pela Dire\u00e7\u00e3o do CEULJI\/CEDUSP, apresentamos:<\/p>\n<p>1 &#8211; No dia 06 de maio de 2009, foi decidido pela Ju\u00edza Federal da 14\u00aa Regi\u00e3o, que todos os valores relativos \u00e0s mensalidades do CEULJI e CEDUSP sejam creditados em conta corrente a ser administrada pela dire\u00e7\u00e3o da unidade. No entanto, para que estes valores sejam creditados nessa conta faz-se necess\u00e1ria a troca de todos os DOCs (boletos) j\u00e1 emitidos e configura\u00e7\u00e3o nos mesmos, com a nova conta, processo este que leva em m\u00e9dia 72 horas.<\/p>\n<p>2 &#8211; Diante da demora e burocracia para alterarmos os boletos, vamos, excepcionalmente, neste m\u00eas de maio transferir o vencimento da mensalidade para o dia 15 de maio de 2009 (sexta-feira), considerando todos os descontos j\u00e1 concedidos, para que os alunos possam pagar exclusivamente na rede banc\u00e1ria. Isso n\u00e3o impede que os alunos, se desejarem, paguem as suas mensalidade at\u00e9 o dia 11 de maio de 2009 (segunda-feira).<\/p>\n<p>Dessa forma, acreditamos que, no mais breve espa\u00e7o de tempo, saldaremos os sal\u00e1rios atrasados, como, tamb\u00e9m, frisamos, mais uma vez, o empenho que a dire\u00e7\u00e3o tem dispendido para resolver esta situa\u00e7\u00e3o.<\/p>\n<p>\u00c0 vista do exposto agradecemos a compreens\u00e3o de todos e pedimos que divulguem para o maior n\u00famero de alunos poss\u00edveis.<\/p>\n<p>Atenciosamente.<\/p>\n<p>A Dire\u00e7\u00e3o Geral<\/p>\n","protected":false},"excerpt":{"rendered":"<p>Dando continuidade ao trabalho desenvolvido pela nova Reitoria da ULBRA, que tomou posse no \u00faltimo dia 24 de abril e pela Dire\u00e7\u00e3o do CEULJI\/CEDUSP, apresentamos: 1 &#8211; No dia 06 de maio de 2009, foi decidido pela Ju\u00edza Federal da 14\u00aa Regi\u00e3o, que todos os valores relativos \u00e0s mensalidades do CEULJI e CEDUSP sejam creditados [&hellip;]<\/p>\n","protected":false},"author":2,"featured_media":0,"comment_status":"open","ping_status":"open","sticky":false,"template":"","format":"standard","meta":{"tdm_status":"","tdm_grid_status":"","footnotes":""},"categories":[22],"tags":[],"class_list":{"0":"post-1415","1":"post","2":"type-post","3":"status-publish","4":"format-standard","6":"category-brasil"},"_links":{"self":[{"href":"https:\/\/migracao.redenoticia.com.br\/noticia\/wp-json\/wp\/v2\/posts\/1415","targetHints":{"allow":["GET"]}}],"collection":[{"href":"https:\/\/migracao.redenoticia.com.br\/noticia\/wp-json\/wp\/v2\/posts"}],"about":[{"href":"https:\/\/migracao.redenoticia.com.br\/noticia\/wp-json\/wp\/v2\/types\/post"}],"author":[{"embeddable":true,"href":"https:\/\/migracao.redenoticia.com.br\/noticia\/wp-json\/wp\/v2\/users\/2"}],"replies":[{"embeddable":true,"href":"https:\/\/migracao.redenoticia.com.br\/noticia\/wp-json\/wp\/v2\/comments?post=1415"}],"version-history":[{"count":0,"href":"https:\/\/migracao.redenoticia.com.br\/noticia\/wp-json\/wp\/v2\/posts\/1415\/revisions"}],"wp:attachment":[{"href":"https:\/\/migracao.redenoticia.com.br\/noticia\/wp-json\/wp\/v2\/media?parent=1415"}],"wp:term":[{"taxonomy":"category","embeddable":true,"href":"https:\/\/migracao.redenoticia.com.br\/noticia\/wp-json\/wp\/v2\/categories?post=1415"},{"taxonomy":"post_tag","embeddable":true,"href":"https:\/\/migracao.redenoticia.com.br\/noticia\/wp-json\/wp\/v2\/tags?post=1415"}],"curies":[{"name":"wp","href":"https:\/\/api.w.org\/{rel}","templated":true}]}}