{"id":141509,"date":"2018-05-14T16:48:51","date_gmt":"2018-05-14T19:48:51","guid":{"rendered":"https:\/\/www.redenoticia.com.br\/noticia\/?p=141509"},"modified":"2018-05-14T19:30:32","modified_gmt":"2018-05-14T22:30:32","slug":"previsao-do-tempo-brasil-nesta-terca-feira-15-05","status":"publish","type":"post","link":"https:\/\/migracao.redenoticia.com.br\/noticia\/2018\/previsao-do-tempo-brasil-nesta-terca-feira-15-05\/141509","title":{"rendered":"Previs\u00e3o do tempo Brasil nesta ter\u00e7a-feira (15\/05)"},"content":{"rendered":"<p><img loading=\"lazy\" decoding=\"async\" class=\"alignleft wp-image-28409 size-thumbnail\" src=\"https:\/\/migracao.redenoticia.com.br\/noticia\/imagens\/previsao-do-tempo-e-temperatura-150x96.jpg\" alt=\"Previs\u00e3o do tempo para o Brasil\" width=\"150\" height=\"96\" srcset=\"https:\/\/migracao.redenoticia.com.br\/noticia\/imagens\/previsao-do-tempo-e-temperatura-150x96.jpg 150w, https:\/\/migracao.redenoticia.com.br\/noticia\/imagens\/previsao-do-tempo-e-temperatura-250x160.jpg 250w, https:\/\/migracao.redenoticia.com.br\/noticia\/imagens\/previsao-do-tempo-e-temperatura.jpg 300w\" sizes=\"auto, (max-width: 150px) 100vw, 150px\" \/><strong><em>A previs\u00e3o do tempo\u00a0e temperatura<\/em><\/strong> CPTEC\/INPE para ter\u00e7a-feira (15\/05) indica que o avan\u00e7o de uma nova frente fria dever\u00e1 deixar o tempo inst\u00e1vel em boa parte da Regi\u00e3o Sul do pa\u00eds, onde, de forma isolada, as pancadas de chuva podem ser de forte intensidade, acompanhadas de rajadas de vento e ocasional queda de granizo. Ocorrer\u00e3o pancadas de chuva tamb\u00e9m, sobre grande parte da Regi\u00e3o Norte e em \u00e1reas da faixa norte do Nordeste, principalmente, no MA. O tempo seguir\u00e1 inst\u00e1vel entre o leste do ES e do Nordeste.<\/p>\n<p>Previs\u00e3o do tempo para o Vale do Para\u00edba 15\/05\/2018: a tend\u00eancia \u00e9 de sol entre nuvens na maior parte da Regi\u00e3o. Entre a tarde e a noite haver\u00e1 chance de pancadas de chuva isoladas. A temperatura m\u00e1xima estar\u00e1 em gradativa eleva\u00e7\u00e3o.<\/p>\n<p>Previs\u00e3o do tempo para a Regi\u00e3o Centro-Oeste 15\/05\/2018:\u00a0No norte de MT e sul de MS haver\u00e1 possibilidade de pancadas de chuva a partir da tarde. Nas demais \u00e1reas da regi\u00e3o o sol ir\u00e1 predominar. Temperatura est\u00e1vel.<\/p>\n<p>Previs\u00e3o do tempo para a Regi\u00e3o Nordeste 15\/05\/2018:\u00a0No litoral do MA e do PI o dia ser\u00e1 de pancadas de chuva localizadas. No centro-norte do MA, PI e noroeste do CE haver\u00e1 possibilidade de pancadas de chuva a partir da tarde. No litoral leste da regi\u00e3o haver\u00e1 possibilidade de chuva. Nas demais \u00e1reas da regi\u00e3o o sol ir\u00e1 predominar. Temperatura est\u00e1vel.<\/p>\n<p>Previs\u00e3o do tempo para a Regi\u00e3o Norte 15\/05\/2018:\u00a0No sul de RO e do TO haver\u00e1 sol e poucas nuvens. No centro-sul do AM, norte de RO, no AC, leste do PA e norte do TO o dia ser\u00e1 de possibilidade de pancadas de chuva localizadas a partir da tarde. Nas demais \u00e1reas da regi\u00e3o haver\u00e1 pancadas de chuva isoladas, podendo ser localmente fortes. Temperatura est\u00e1vel.<\/p>\n<p>Previs\u00e3o do tempo para a Regi\u00e3o Sudeste 15\/05\/2018:\u00a0No litoral do ES haver\u00e1 chuva isolada. Em SP haver\u00e1 possibilidade de pancadas de chuva pela tarde. Nas demais \u00e1reas da regi\u00e3o o sol ir\u00e1 predominar. Temperatura est\u00e1vel.<\/p>\n<p>Previs\u00e3o do tempo para a Regi\u00e3o Sul 15\/05\/2018:\u00a0Em todas as \u00e1reas da regi\u00e3o haver\u00e1 nebulosidade vari\u00e1vel com pancadas de chuva isoladas pela tarde. Temperatura em decl\u00ednio.<\/p>\n<p>Fonte &#8216;Previs\u00e3o do tempo&#8217; CPTEC<\/p>\n","protected":false},"excerpt":{"rendered":"<p>A previs\u00e3o do tempo\u00a0e temperatura CPTEC\/INPE para ter\u00e7a-feira (15\/05) indica que o avan\u00e7o de uma nova frente fria dever\u00e1 deixar o tempo inst\u00e1vel em boa parte da Regi\u00e3o Sul do pa\u00eds, onde, de forma isolada, as pancadas de chuva podem ser de forte intensidade, acompanhadas de rajadas de vento e ocasional queda de granizo. Ocorrer\u00e3o [&hellip;]<\/p>\n","protected":false},"author":4,"featured_media":28411,"comment_status":"open","ping_status":"closed","sticky":false,"template":"","format":"standard","meta":{"tdm_status":"","tdm_grid_status":"","footnotes":""},"categories":[327,376],"tags":[475],"class_list":{"0":"post-141509","1":"post","2":"type-post","3":"status-publish","4":"format-standard","5":"has-post-thumbnail","7":"category-clima","8":"category-clima-brasil","9":"tag-previsao-tempo"},"_links":{"self":[{"href":"https:\/\/migracao.redenoticia.com.br\/noticia\/wp-json\/wp\/v2\/posts\/141509","targetHints":{"allow":["GET"]}}],"collection":[{"href":"https:\/\/migracao.redenoticia.com.br\/noticia\/wp-json\/wp\/v2\/posts"}],"about":[{"href":"https:\/\/migracao.redenoticia.com.br\/noticia\/wp-json\/wp\/v2\/types\/post"}],"author":[{"embeddable":true,"href":"https:\/\/migracao.redenoticia.com.br\/noticia\/wp-json\/wp\/v2\/users\/4"}],"replies":[{"embeddable":true,"href":"https:\/\/migracao.redenoticia.com.br\/noticia\/wp-json\/wp\/v2\/comments?post=141509"}],"version-history":[{"count":0,"href":"https:\/\/migracao.redenoticia.com.br\/noticia\/wp-json\/wp\/v2\/posts\/141509\/revisions"}],"wp:featuredmedia":[{"embeddable":true,"href":"https:\/\/migracao.redenoticia.com.br\/noticia\/wp-json\/wp\/v2\/media\/28411"}],"wp:attachment":[{"href":"https:\/\/migracao.redenoticia.com.br\/noticia\/wp-json\/wp\/v2\/media?parent=141509"}],"wp:term":[{"taxonomy":"category","embeddable":true,"href":"https:\/\/migracao.redenoticia.com.br\/noticia\/wp-json\/wp\/v2\/categories?post=141509"},{"taxonomy":"post_tag","embeddable":true,"href":"https:\/\/migracao.redenoticia.com.br\/noticia\/wp-json\/wp\/v2\/tags?post=141509"}],"curies":[{"name":"wp","href":"https:\/\/api.w.org\/{rel}","templated":true}]}}