{"id":14160,"date":"2009-10-14T21:36:02","date_gmt":"2009-10-15T01:36:02","guid":{"rendered":"http:\/\/www.redenoticia.com.br\/noticia\/?p=14160"},"modified":"2009-10-14T21:36:02","modified_gmt":"2009-10-15T01:36:02","slug":"v-congresso-internacional-educarede-promove-workshop-na-internet","status":"publish","type":"post","link":"https:\/\/migracao.redenoticia.com.br\/noticia\/2009\/v-congresso-internacional-educarede-promove-workshop-na-internet\/14160","title":{"rendered":"V Congresso Internacional EducaRede promove workshop na Internet"},"content":{"rendered":"<p>Novas discuss\u00f5es est\u00e3o previstas para acontecer esta semana no site do V Congresso Internacional EducaRede, que aFunda\u00e7\u00e3o Telef\u00f4nica\u00a0promover\u00e1 de 26 a 28 de novembro, em Madri, na Espanha. Pela primeira vez, o evento conta com uma vers\u00e3o on-line, preparat\u00f3ria \u00e0 vers\u00e3o presencial. J\u00e1 s\u00e3o mais de nove mil pessoas inscritas nas sess\u00f5es virtuais do congresso, cujas novidades podem ser acompanhadas pelo twitter do EducaRede Brasil, no<a href=\"http:\/\/twitter.com\/educaredebrasil\" target=\"_blank\">http:\/\/twitter.com\/educaredebrasil<\/a>.<\/p>\n<p>Para participar dos f\u00f3runs, confer\u00eancias e workshops programados na Internet, basta acessar o Portal EducaRede (<a href=\"http:\/\/www.educarede.org.br\/\" target=\"_blank\">www.educarede.org.br<\/a>) e se inscrever, gratuitamente. A programa\u00e7\u00e3o completa dos eventos on-line est\u00e1 dispon\u00edvel no site do congresso\u00a0<a href=\"https:\/\/webmail.bm.com\/exchweb\/bin\/redir.asp?URL=http:\/\/congreso.educared.net\/web\/guest\/sesiones-on-line\" target=\"_blank\">http:\/\/congreso.educared.net\/web\/guest\/sesiones-on-line<\/a>.\u00a0Para esta semana, est\u00e1 prevista a realiza\u00e7\u00e3o de workshop sobre \u201cUso seguro da Internet\u201d, com especialistas da Argentina. O evento ficar\u00e1 dispon\u00edvel para acessos at\u00e9 o dia 18 de novembro.<\/p>\n<p>Confira a programa\u00e7\u00e3o de eventos dispon\u00edveis na Internet<\/p>\n<p>De\u00a014 de outubro a 18 de novembro: Workshop \u201cUso seguro da Internet\u201d, conduzido pela consultora em conceitua\u00e7\u00e3o, planejamento e opera\u00e7\u00e3o de projetos vinculados ao desenvolvimento tecnol\u00f3gico, Mariana Berruezo; pela educadora Mabel Chetman, que \u00e9 especialista em inform\u00e1tica educativa; e pela educadora e mestre em an\u00e1lise da Opini\u00e3o P\u00fablica, Ver\u00f3nica Campanelli.<\/p>\n<p>Para assistir\u00a0at\u00e9 18 de outubro:\u00a0Confer\u00eancia \u201cCondi\u00e7\u00f5es e desafios da inova\u00e7\u00e3o educativa, com Antonio Rodriguez de las Heras, professor da Universidade Carlos III de Madri e um dos maiores especialistas espanh\u00f3is em novas tecnologias. Ele tamb\u00e9m \u00e9 diretor do Instituto de Cultura e Tecnologia da Universidade Carlos III, \u00e9 professor associado da Sorbone, de Paris, e j\u00e1 foi premiado pela Fundesco \u2013 Funda\u00e7\u00e3o para o Desenvolvimento do Conhecimento \u2013 com o livro \u201cNavegar por la informaci\u00f3n\u201d. \u00c9 autor de v\u00e1rios livros eletr\u00f4nicos, entre eles \u201cPor\u00a0 la orilla del hipertexto y\u00a0<a href=\"http:\/\/www.campusred.net\/intercampus\/rod8.htm\" target=\"_blank\">Los estilitas de la sociedad tecnol\u00f3gica<\/a>\u201d.<\/p>\n<p>Inovar na Escola<\/p>\n<p>O Congresso Internacional ocorre a cada dois anos e j\u00e1 se consolidou como o evento ibero-americano de maior impacto e participa\u00e7\u00e3o dos envolvidos no debate sobre a utiliza\u00e7\u00e3o educativa das Tecnologias da Informa\u00e7\u00e3o e Comunica\u00e7\u00e3o (TICs). Com o tema \u201cInovar na Escola \u2013 Modelos, Experi\u00eancias e Protagonistas da Integra\u00e7\u00e3o\u00a0das TICs\u201d,\u00a0j\u00e1 na vers\u00e3o virtual, o congresso pretende antecipar as discuss\u00f5es e experi\u00eancias que ser\u00e3o conhecidas e debatidas durante o evento presencial.<\/p>\n<p>Os objetivos do congresso s\u00e3o apresentar e analisar as experi\u00eancias educativas mais inovadoras que est\u00e3o sendo realizadas com as TICs na escola; debater as possibilidades que a utiliza\u00e7\u00e3o pedag\u00f3gica da Internet oferece no curto e no longo prazo; discutir o processo de mudan\u00e7a tecnol\u00f3gica, pedag\u00f3gica e social que a integra\u00e7\u00e3o das tecnologias da informa\u00e7\u00e3o e comunica\u00e7\u00e3o implica dentro dos m\u00faltiplos desafios com que se depara a educa\u00e7\u00e3o hoje; e refletir sobre as tend\u00eancias e os cen\u00e1rios futuros da inova\u00e7\u00e3o, assim como as formas desej\u00e1veis de intercomunica\u00e7\u00e3o e gest\u00e3o da comunidade educativa.<\/p>\n<p>Para atingir esses objetivos, o evento ser\u00e1 dividido em cinco grandes blocos de conte\u00fado: Condi\u00e7\u00f5es e desafios da inova\u00e7\u00e3o educativa; A Escola, lugar de inova\u00e7\u00e3o; Pol\u00edticas educativas para a inova\u00e7\u00e3o; Horizontes da inova\u00e7\u00e3o: para uma nova Internet Educativa para a Gera\u00e7\u00e3o Rede; e Os protagonistas da inova\u00e7\u00e3o educativa.<\/p>\n<p>Neste ano, o Brasil \u00e9 o pa\u00eds convidado do evento. Isto significa que o encontro contar\u00e1 com a participa\u00e7\u00e3o de representantes de destaque no panorama atual brasileiro em mat\u00e9ria de inova\u00e7\u00e3o educativa, assim como com as experi\u00eancias mais relevantes colocadas em pr\u00e1tica por docentes no pa\u00eds.<\/p>\n<p>Sess\u00f5es presenciais: 26, 27 e 28 de Novembro de 2009<\/p>\n<p>Centro de Conven\u00e7\u00f5es Norte<\/p>\n<p>Parque Ferial Juan Carlos I &#8211; IFEMA<\/p>\n<p>Madri \u2013 Espanha<\/p>\n<p>Inscri\u00e7\u00f5es:<\/p>\n<p>50 \u20ac at\u00e9 31 de outubro de 2009.<\/p>\n<p>75 \u20ac desde 1 de novembro at\u00e9 25 de novembro de 2009.<\/p>\n<p>Sobre o EducaRede<\/p>\n<p>O EducaRede \u00e9 um dos maiores programas desenvolvidos pela Funda\u00e7\u00e3o Telef\u00f4nica onde a institui\u00e7\u00e3o est\u00e1 presente, ou seja, na Espanha e em oito pa\u00edses da Am\u00e9rica Latina, inclusive no Brasil. Por meio de um portal na Internet, seu objetivo \u00e9 contribuir para a melhoria da qualidade da educa\u00e7\u00e3o, estimulando a integra\u00e7\u00e3o das TICs no cotidiano da escola p\u00fablica e possibilitando a inclus\u00e3o digital aos milhares de jovens que participam dos projetos.<\/p>\n<p>Sobre a Funda\u00e7\u00e3o Telef\u00f4nica<\/p>\n<p>Criada em 1999 com o objetivo de coordenar o investimento social do Grupo Telef\u00f4nica no Brasil, a Funda\u00e7\u00e3o Telef\u00f4nica completa 10 anos de atua\u00e7\u00e3o no Pa\u00eds. Nesse per\u00edodo, mais de 500 mil pessoas foram beneficiadas direta ou indiretamente com os projetos de desenvolvimento social, que t\u00eam como eixos centrais a consolida\u00e7\u00e3o dos direitos das crian\u00e7as e dos adolescentes e a melhoria da qualidade da educa\u00e7\u00e3o p\u00fablica. Hoje, seus principais programas s\u00e3o o EducaRede e o Pr\u00f3-Menino. A Funda\u00e7\u00e3o Telef\u00f4nica mant\u00e9m ainda os projetos Mem\u00f3ria Telef\u00f4nica e Volunt\u00e1rios Telef\u00f4nica.<\/p>\n","protected":false},"excerpt":{"rendered":"<p>Novas discuss\u00f5es est\u00e3o previstas para acontecer esta semana no site do V Congresso Internacional EducaRede, que aFunda\u00e7\u00e3o Telef\u00f4nica\u00a0promover\u00e1 de 26 a 28 de novembro, em Madri, na Espanha. Pela primeira vez, o evento conta com uma vers\u00e3o on-line, preparat\u00f3ria \u00e0 vers\u00e3o presencial. J\u00e1 s\u00e3o mais de nove mil pessoas inscritas nas sess\u00f5es virtuais do congresso, [&hellip;]<\/p>\n","protected":false},"author":2,"featured_media":0,"comment_status":"open","ping_status":"open","sticky":false,"template":"","format":"standard","meta":{"tdm_status":"","tdm_grid_status":"","footnotes":""},"categories":[370,353],"tags":[],"class_list":{"0":"post-14160","1":"post","2":"type-post","3":"status-publish","4":"format-standard","6":"category-inscricao","7":"category-oportunidades"},"_links":{"self":[{"href":"https:\/\/migracao.redenoticia.com.br\/noticia\/wp-json\/wp\/v2\/posts\/14160","targetHints":{"allow":["GET"]}}],"collection":[{"href":"https:\/\/migracao.redenoticia.com.br\/noticia\/wp-json\/wp\/v2\/posts"}],"about":[{"href":"https:\/\/migracao.redenoticia.com.br\/noticia\/wp-json\/wp\/v2\/types\/post"}],"author":[{"embeddable":true,"href":"https:\/\/migracao.redenoticia.com.br\/noticia\/wp-json\/wp\/v2\/users\/2"}],"replies":[{"embeddable":true,"href":"https:\/\/migracao.redenoticia.com.br\/noticia\/wp-json\/wp\/v2\/comments?post=14160"}],"version-history":[{"count":0,"href":"https:\/\/migracao.redenoticia.com.br\/noticia\/wp-json\/wp\/v2\/posts\/14160\/revisions"}],"wp:attachment":[{"href":"https:\/\/migracao.redenoticia.com.br\/noticia\/wp-json\/wp\/v2\/media?parent=14160"}],"wp:term":[{"taxonomy":"category","embeddable":true,"href":"https:\/\/migracao.redenoticia.com.br\/noticia\/wp-json\/wp\/v2\/categories?post=14160"},{"taxonomy":"post_tag","embeddable":true,"href":"https:\/\/migracao.redenoticia.com.br\/noticia\/wp-json\/wp\/v2\/tags?post=14160"}],"curies":[{"name":"wp","href":"https:\/\/api.w.org\/{rel}","templated":true}]}}