{"id":141695,"date":"2018-05-16T14:29:42","date_gmt":"2018-05-16T17:29:42","guid":{"rendered":"https:\/\/www.redenoticia.com.br\/noticia\/?p=141695"},"modified":"2018-05-16T14:29:42","modified_gmt":"2018-05-16T17:29:42","slug":"previsao-do-tempo-brasil-desta-quinta-feira-17-05","status":"publish","type":"post","link":"https:\/\/migracao.redenoticia.com.br\/noticia\/2018\/previsao-do-tempo-brasil-desta-quinta-feira-17-05\/141695","title":{"rendered":"Previs\u00e3o do tempo Brasil desta quinta-feira (17\/05)"},"content":{"rendered":"<p><img loading=\"lazy\" decoding=\"async\" class=\"alignleft wp-image-28409 size-thumbnail\" src=\"https:\/\/migracao.redenoticia.com.br\/noticia\/imagens\/previsao-do-tempo-e-temperatura-150x96.jpg\" alt=\"Previs\u00e3o do tempo para o Brasil\" width=\"150\" height=\"96\" srcset=\"https:\/\/migracao.redenoticia.com.br\/noticia\/imagens\/previsao-do-tempo-e-temperatura-150x96.jpg 150w, https:\/\/migracao.redenoticia.com.br\/noticia\/imagens\/previsao-do-tempo-e-temperatura-250x160.jpg 250w, https:\/\/migracao.redenoticia.com.br\/noticia\/imagens\/previsao-do-tempo-e-temperatura.jpg 300w\" sizes=\"auto, (max-width: 150px) 100vw, 150px\" \/><strong><em>A previs\u00e3o do tempo\u00a0e temperatura<\/em><\/strong> CPTEC\/INPE para quinta-feira (17\/05) indica que:<\/p>\n<p>Previs\u00e3o do tempo para o Vale do Para\u00edba 17\/05\/2018: a nebulosidade dever\u00e1 aumentar em toda a Regi\u00e3o, com chance para per\u00edodos de chuva, que ser\u00e1 mais isolada entre o Vale e a Serra. A temperatura m\u00e1xima ter\u00e1 um pequeno decl\u00ednio.<\/p>\n<p>Previs\u00e3o do tempo para a Regi\u00e3o Centro-Oeste No noroeste de MT haver\u00e1 pancadas de chuva isoladas. No leste de MT e centro-norte de GO haver\u00e1 sol e poucas nuvens. Nas demais \u00e1reas da regi\u00e3o haver\u00e1 possibilidade de pancadas de chuva a partir da tarde. Temperatura est\u00e1vel.<\/p>\n<p>Previs\u00e3o do tempo para a Regi\u00e3o Nordeste 17\/05\/2018:\u00a0No norte do MA e grande parte do MA o dia ser\u00e1 de pancadas de chuva \u00e0 tarde. No leste da regi\u00e3o haver\u00e1 possibilidade de chuva. No leste de AL e SE o dia ser\u00e1 inst\u00e1vel. Nas demais \u00e1reas da regi\u00e3o o sol aparecer\u00e1 entre poucas nuvens. Temperatura est\u00e1vel.<\/p>\n<p>Previs\u00e3o do tempo para a Regi\u00e3o Norte 17\/05\/2018:\u00a0No centro-sul do TO, sul de RO e sudeste do PA o dia ser\u00e1 de sol e poucas nuvens. Nas demais \u00e1reas da regi\u00e3o haver\u00e1 nebulosidade vari\u00e1vel com pancadas de chuva isoladas. Temperatura est\u00e1vel.<\/p>\n<p>Previs\u00e3o do tempo para a Regi\u00e3o Sudeste 17\/05\/2018:\u00a0No leste de SP, incluindo a capital paulista, litoral norte e sul de SP haver\u00e1 chuva isolada. No litoral sul de SP haver\u00e1 chuva peri\u00f3dica. No Vale do Para\u00edba, interior e nordeste de SP, sul do RJ, sul e interior de MG, norte e leste do ES o dia ser\u00e1 nublado com possibilidade de chuva. No leste de MG, centro-norte do RJ e sul do ES o dia ser\u00e1 de pancadas de chuva \u00e0 tarde. No Tri\u00e2ngulo Mineiro, oeste e norte de SP o dia ser\u00e1 de possibilidade de pancadas de chuva \u00e0 tarde. Nas demais \u00e1reas da regi\u00e3o haver\u00e1 sol e poucas nuvens. Temperatura em decl\u00ednio no sul e litoral de SP.<\/p>\n<p>Previs\u00e3o do tempo para a Regi\u00e3o Sul 17\/05\/2018:\u00a0No sul do RS o dia ser\u00e1 de possibilidade de chuva \u00e0 tarde. No litoral do PR e litoral nordeste de SC haver\u00e1 chuva peri\u00f3dica. No norte do RS, centro-oeste e norte de SC e interior do PR haver\u00e1 chuva isolada. Nas demais \u00e1reas do PR haver\u00e1 pancadas de chuva \u00e0 tarde. Nas demais \u00e1reas da regi\u00e3o haver\u00e1 sol entre poucas nuvens. Temperatura baixa na regi\u00e3o.<\/p>\n<p>Fonte &#8216;Previs\u00e3o do tempo&#8217; CPTEC<\/p>\n","protected":false},"excerpt":{"rendered":"<p>A previs\u00e3o do tempo\u00a0e temperatura CPTEC\/INPE para quinta-feira (17\/05) indica que: Previs\u00e3o do tempo para o Vale do Para\u00edba 17\/05\/2018: a nebulosidade dever\u00e1 aumentar em toda a Regi\u00e3o, com chance para per\u00edodos de chuva, que ser\u00e1 mais isolada entre o Vale e a Serra. A temperatura m\u00e1xima ter\u00e1 um pequeno decl\u00ednio. Previs\u00e3o do tempo para [&hellip;]<\/p>\n","protected":false},"author":4,"featured_media":28411,"comment_status":"open","ping_status":"closed","sticky":false,"template":"","format":"standard","meta":{"tdm_status":"","tdm_grid_status":"","footnotes":""},"categories":[327,376],"tags":[475],"class_list":{"0":"post-141695","1":"post","2":"type-post","3":"status-publish","4":"format-standard","5":"has-post-thumbnail","7":"category-clima","8":"category-clima-brasil","9":"tag-previsao-tempo"},"_links":{"self":[{"href":"https:\/\/migracao.redenoticia.com.br\/noticia\/wp-json\/wp\/v2\/posts\/141695","targetHints":{"allow":["GET"]}}],"collection":[{"href":"https:\/\/migracao.redenoticia.com.br\/noticia\/wp-json\/wp\/v2\/posts"}],"about":[{"href":"https:\/\/migracao.redenoticia.com.br\/noticia\/wp-json\/wp\/v2\/types\/post"}],"author":[{"embeddable":true,"href":"https:\/\/migracao.redenoticia.com.br\/noticia\/wp-json\/wp\/v2\/users\/4"}],"replies":[{"embeddable":true,"href":"https:\/\/migracao.redenoticia.com.br\/noticia\/wp-json\/wp\/v2\/comments?post=141695"}],"version-history":[{"count":0,"href":"https:\/\/migracao.redenoticia.com.br\/noticia\/wp-json\/wp\/v2\/posts\/141695\/revisions"}],"wp:featuredmedia":[{"embeddable":true,"href":"https:\/\/migracao.redenoticia.com.br\/noticia\/wp-json\/wp\/v2\/media\/28411"}],"wp:attachment":[{"href":"https:\/\/migracao.redenoticia.com.br\/noticia\/wp-json\/wp\/v2\/media?parent=141695"}],"wp:term":[{"taxonomy":"category","embeddable":true,"href":"https:\/\/migracao.redenoticia.com.br\/noticia\/wp-json\/wp\/v2\/categories?post=141695"},{"taxonomy":"post_tag","embeddable":true,"href":"https:\/\/migracao.redenoticia.com.br\/noticia\/wp-json\/wp\/v2\/tags?post=141695"}],"curies":[{"name":"wp","href":"https:\/\/api.w.org\/{rel}","templated":true}]}}