{"id":141697,"date":"2018-05-16T15:30:38","date_gmt":"2018-05-16T18:30:38","guid":{"rendered":"https:\/\/www.redenoticia.com.br\/noticia\/?p=141697"},"modified":"2018-05-16T17:33:27","modified_gmt":"2018-05-16T20:33:27","slug":"resumo-novela-coracao-indomavel-17-05-maricruz-suspeita-de-jose-antonio","status":"publish","type":"post","link":"https:\/\/migracao.redenoticia.com.br\/noticia\/2018\/resumo-novela-coracao-indomavel-17-05-maricruz-suspeita-de-jose-antonio\/141697","title":{"rendered":"Resumo novela \u201cCora\u00e7\u00e3o Indom\u00e1vel\u201d 17\/05: Maricruz suspeita de Jos\u00e9 Antonio"},"content":{"rendered":"<p><img loading=\"lazy\" decoding=\"async\" src=\"https:\/\/migracao.redenoticia.com.br\/noticia\/imagens\/coracao_indomavel_sbt_novela_resumo-150x112.jpg\" alt=\"\" width=\"150\" height=\"112\" class=\"alignleft size-thumbnail wp-image-66161\" srcset=\"https:\/\/migracao.redenoticia.com.br\/noticia\/imagens\/coracao_indomavel_sbt_novela_resumo-150x112.jpg 150w, https:\/\/migracao.redenoticia.com.br\/noticia\/imagens\/coracao_indomavel_sbt_novela_resumo-265x198.jpg 265w\" sizes=\"auto, (max-width: 150px) 100vw, 150px\" \/><strong><em>Resumo novela \u201cCora\u00e7\u00e3o Indom\u00e1vel\u201d 17\/05 <\/em><\/strong>: no cap\u00edtulo 089(*) da novela \u201cCora\u00e7\u00e3o Indom\u00e1vel\u201d, quinta-feira, 17 de maio, o advogado diz a Ot\u00e1vio que Miguel n\u00e3o deve ser visto, e que dever\u00e1 se apresentar somente quando ele ordenar, dizendo que foi por sua pr\u00f3pria vontade. Simone conta a Ot\u00e1vio o que disse a Amador. Jos\u00e9 Antonio diz a Esther que viver\u00e3o muito confortavelmente as custas de Maricruz. Ot\u00e1vio pede a Simone que n\u00e3o diga nada a Miguel. Jos\u00e9 Antonio diz a Esther que Maricruz \u00e9 tonta por entregar parte de suas terras. Esther responde que ele quer progredir s\u00f3 para agradar Maricruz. Miguel diz a Ot\u00e1vio que far\u00e1 o que for preciso para dar uma vida digna a Miguelzinho. <\/p>\n<p>Maricruz reclama com Jos\u00e9 Antonio por ele n\u00e3o seguir suas ordens e fala que caso ele n\u00e3o obede\u00e7a, o mandar\u00e1 para a fazenda de Simone. Ot\u00e1vio diz a Nazario que sua declara\u00e7\u00e3o a favor de Miguel ter\u00e1 que ser feita por escrito em um cart\u00f3rio e com testemunhas. Em troca, ele ter\u00e1 o dinheiro que pede. Maricruz pergunta a Joaninha se ela notou uma mudan\u00e7a no comportamento de Jos\u00e9 Antonio, e se ela cr\u00ea que Jos\u00e9 Antonio possa estar se aproveitando de sua confian\u00e7a e lhe roubando dinheiro pelas costas.<\/p>\n<p>(*) edi\u00e7\u00e3o do SBT, Novela \u201cCora\u00e7\u00e3o Indom\u00e1vel\u201d, sujeito a altera\u00e7\u00e3o de data e conte\u00fado.<\/p>\n<p>Sinopse &#8211; Maria Alessandra Mendon\u00e7a Olivares, mais conhecida como Maricruz Olivares (Ana Brenda Contreras) vive com Ramiro (Ignacio L\u00f3pez Tarso), seu av\u00f4 materno, e com Soledad (Gaby Mellado), sua irm\u00e3 adotiva, que \u00e9 surda-muda e que foi abandonada quando pequena. Sua casa \u00e9 uma cabana situada em plena natureza, aos arredores da fazenda Narv\u00e1ez.  Miguel (Ren\u00e9 Strickler) e Ot\u00e1vio (Daniel Arenas) s\u00e3o irm\u00e3os e donos da fazenda Narv\u00e1ez, que est\u00e1 hipotecada pela m\u00e1 administra\u00e7\u00e3o de Miguel, o irm\u00e3o mais velho. Ot\u00e1vio \u00e9 piloto e chega \u00e0 fazenda necessitado de dinheiro pois ficou sem trabalho e quer que as terras sejam vendidas, mas sem imaginar, logo vai esquecendo esse objetivo, pois descobre que a terra, a planta\u00e7\u00e3o e o trato com os trabalhadores, s\u00e3o motivo de paix\u00e3o para ele. <\/p>\n","protected":false},"excerpt":{"rendered":"<p>Resumo novela \u201cCora\u00e7\u00e3o Indom\u00e1vel\u201d 17\/05 : no cap\u00edtulo 089(*) da novela \u201cCora\u00e7\u00e3o Indom\u00e1vel\u201d, quinta-feira, 17 de maio, o advogado diz a Ot\u00e1vio que Miguel n\u00e3o deve ser visto, e que dever\u00e1 se apresentar somente quando ele ordenar, dizendo que foi por sua pr\u00f3pria vontade. Simone conta a Ot\u00e1vio o que disse a Amador. Jos\u00e9 Antonio [&hellip;]<\/p>\n","protected":false},"author":4,"featured_media":66161,"comment_status":"open","ping_status":"closed","sticky":false,"template":"","format":"standard","meta":{"tdm_status":"","tdm_grid_status":"","footnotes":""},"categories":[379,372,343],"tags":[441],"class_list":{"0":"post-141697","1":"post","2":"type-post","3":"status-publish","4":"format-standard","5":"has-post-thumbnail","7":"category-novelas","8":"category-sbt","9":"category-televisao","10":"tag-resumo-do-dia"},"_links":{"self":[{"href":"https:\/\/migracao.redenoticia.com.br\/noticia\/wp-json\/wp\/v2\/posts\/141697","targetHints":{"allow":["GET"]}}],"collection":[{"href":"https:\/\/migracao.redenoticia.com.br\/noticia\/wp-json\/wp\/v2\/posts"}],"about":[{"href":"https:\/\/migracao.redenoticia.com.br\/noticia\/wp-json\/wp\/v2\/types\/post"}],"author":[{"embeddable":true,"href":"https:\/\/migracao.redenoticia.com.br\/noticia\/wp-json\/wp\/v2\/users\/4"}],"replies":[{"embeddable":true,"href":"https:\/\/migracao.redenoticia.com.br\/noticia\/wp-json\/wp\/v2\/comments?post=141697"}],"version-history":[{"count":0,"href":"https:\/\/migracao.redenoticia.com.br\/noticia\/wp-json\/wp\/v2\/posts\/141697\/revisions"}],"wp:featuredmedia":[{"embeddable":true,"href":"https:\/\/migracao.redenoticia.com.br\/noticia\/wp-json\/wp\/v2\/media\/66161"}],"wp:attachment":[{"href":"https:\/\/migracao.redenoticia.com.br\/noticia\/wp-json\/wp\/v2\/media?parent=141697"}],"wp:term":[{"taxonomy":"category","embeddable":true,"href":"https:\/\/migracao.redenoticia.com.br\/noticia\/wp-json\/wp\/v2\/categories?post=141697"},{"taxonomy":"post_tag","embeddable":true,"href":"https:\/\/migracao.redenoticia.com.br\/noticia\/wp-json\/wp\/v2\/tags?post=141697"}],"curies":[{"name":"wp","href":"https:\/\/api.w.org\/{rel}","templated":true}]}}