{"id":141699,"date":"2018-05-16T15:31:59","date_gmt":"2018-05-16T18:31:59","guid":{"rendered":"https:\/\/www.redenoticia.com.br\/noticia\/?p=141699"},"modified":"2018-05-16T17:34:29","modified_gmt":"2018-05-16T20:34:29","slug":"resumo-novela-amanha-e-para-sempre-17-05-eduardo-consegue-a-certidao-de-artemio","status":"publish","type":"post","link":"https:\/\/migracao.redenoticia.com.br\/noticia\/2018\/resumo-novela-amanha-e-para-sempre-17-05-eduardo-consegue-a-certidao-de-artemio\/141699","title":{"rendered":"Resumo novela \u201cAmanh\u00e3 \u00e9 para sempre\u201d 17\/05: Eduardo consegue a certid\u00e3o de Art\u00eamio"},"content":{"rendered":"<p><img loading=\"lazy\" decoding=\"async\" class=\"alignleft size-thumbnail wp-image-134147\" src=\"https:\/\/migracao.redenoticia.com.br\/noticia\/imagens\/amanha-e-para-sempre-sbt-novela-resumo-150x112.jpg\" alt=\"\" width=\"150\" height=\"112\" srcset=\"https:\/\/migracao.redenoticia.com.br\/noticia\/imagens\/amanha-e-para-sempre-sbt-novela-resumo-150x112.jpg 150w, https:\/\/migracao.redenoticia.com.br\/noticia\/imagens\/amanha-e-para-sempre-sbt-novela-resumo-265x198.jpg 265w\" sizes=\"auto, (max-width: 150px) 100vw, 150px\" \/><strong><em>Resumo novela \u201cAmanh\u00e3 \u00e9 para sempre\u201d 17\/05 <\/em><\/strong>: no cap\u00edtulo 064(*) da novela \u201cAmanh\u00e3 \u00e9 para sempre\u201d, resumo de quinta-feira, 17 de maio, Art\u00eamio ressalta que ele est\u00e1 preparando a ru\u00edna de Gonzalo Elizalde h\u00e1 quinze anos e agora, devido \u00e0 intromiss\u00e3o de Franco Santoro, eles precisam repensar sua estrat\u00e9gia. B\u00e1rbara assegura que eles n\u00e3o devem deixar os Elizalde nas m\u00e3os de Santoro, ent\u00e3o eles devem liquid\u00e1-lo. Artemio pede a Barbara para dar-lhe os despojos de Gonzalo Elizalde e o resto ser\u00e1 dela, ela pergunta se ele tamb\u00e9m ir\u00e1 devolver sua liberdade, ele pergunta quando a perdeu, ela diz que no momento que o conheceu, al\u00e9m disso pergunta sobre Aurora, e ele diz que ela est\u00e1 morta. Priscila amea\u00e7a a An\u00edbal e diz que a crian\u00e7a em seu ventre vai nascer, e quando isso acontecer, ele ter\u00e1 de suportar a crueldade dela e de seu filho, porque ele vai te ensin\u00e1-lo a odi\u00e1-lo tanto que ele se tornar\u00e1 seu pior inimigo. <\/p>\n<p>B\u00e1rbara fica paralisada quando v\u00ea Aurora brincando com Santiago, ao mesmo tempo lembra-se que Art\u00eamio tinha dito que ela havia morrido, sorri porque n\u00e3o foi assim e agora a tem por perto. B\u00e1rbara conversa por telefone com Art\u00eamio e pergunta outra vez, se \u00e9 verdade que Aurora morreu, ele responde que sim, e, diz que \u00e9 o melhor que aconteceu, pois essa jovem era muito perigosa, desliga o telefone, e B\u00e1rbara afirma que ele nunca saber\u00e1 que Aurora continua viva. Camilo volta a provocar Jacinto e este lhe pede explica\u00e7\u00f5es por que B\u00e1rbara se culpa pelo desaparecimento do carro do seu pai, ele fica mudo por sua ousadia. B\u00e1rbara diz para Camilo que Jacinto nunca havia tido coragem de desafia-lo, e que isso se deve a que ele est\u00e1 ligado a Franco Santoro. Camilo responde que Jacinto disse que o deixaria em paz se ele falasse porque ela se culpou pelo roubo do carro de Gonzalo, logo se d\u00e1 conta que B\u00e1rbara tem raz\u00e3o ao pensar que Jacinto est\u00e1 por tr\u00e1s de Santoro. <\/p>\n<p>Eduardo diz ao padre Bosco que acredita saber como rastrear a Art\u00eamio Bravo sem que ele saiba, mas para isso necessita sua ben\u00e7\u00e3o. Ele assegura que, sempre e quando n\u00e3o fa\u00e7a mal a ningu\u00e9m, tem sua ben\u00e7\u00e3o e sempre a ter\u00e1. Fernanda prop\u00f5e que fa\u00e7am uma investiga\u00e7\u00e3o para comprovar se \u00e9 verdade ou n\u00e3o que Florzinha estava passando informa\u00e7\u00e3o a Prolasa. Ao ficar sabendo, Vladimir assegura que ele nunca esteve de acordo em prejudica-la e agora n\u00e3o sabe como sair\u00e1 desse problema. Eduardo diz a Graciela que lhe d\u00ea cem mil d\u00f3lares pelo conte\u00fado do cofre. Esta abre sua bolsa e tira a ata de nascimento que cont\u00e9m o cofre e d\u00e1 para Eduardo. Ele, tenso, recebe a carta e lentamente a desdobra e come\u00e7a a l\u00ea-la, n\u00e3o d\u00e1 confian\u00e7a ao ver que se trata de Art\u00eamio Bravo. O advogado pergunta a Gonzalo se est\u00e1 pensando em deixar seus filhos sem heran\u00e7a, ele assegura que o \u00fanico que quer \u00e9 proteger sua mulher. Ao advogado lhe preocupa que tome uma decis\u00e3o que possa se arrepender.<\/p>\n<p>(*) edi\u00e7\u00e3o do SBT, Novela \u201cAmanh\u00e3 \u00e9 para sempre\u201d, sujeito a altera\u00e7\u00e3o de data e conte\u00fado.<\/p>\n<p>Fernanda \u00e9 a filha ca\u00e7ula do fazendeiro Gonzalo Elizalde, dono de uma grande companhia leiteira, e Eduardo \u00e9 filho de Soledad, a governanta da fam\u00edlia Elizalde. As duas crian\u00e7as t\u00eam crescido juntas e unidas por um amor inocente e justo, apesar da diferen\u00e7a de classes sociais.<\/p>\n<p>Gonzalo vive feliz com sua esposa Montserrat e seus cinco filhos, sem suspeitar que um inimigo implac\u00e1vel acerca aos seus. Artemio Bravo sente um \u00f3dio intenso e amargo de Gonzalo, que tem corro\u00eddo sua mente e, sua \u00fanica meta \u00e9 destruir, lenta e dolorosamente, toda a fam\u00edlia Elizalde. Para isso, Artemio utiliza uma jovem sem escr\u00fapulos que chega a empresa de Gonzalo com o nome de Rebeca S\u00e1nchez, que, posteriormente, muda sua identidade para B\u00e1rbara Greco. Sua intelig\u00eancia causa boa impress\u00e3o em Gonzalo, que a contrata como sua assistente pessoal. Pouco a pouco, e com muita ast\u00facia, B\u00e1rbara obt\u00e9m total confian\u00e7a.<\/p>\n<p>As primeiras v\u00edtimas de B\u00e1rbara s\u00e3o Eduardo e Fernanda, que os descobre beijando-se. Muito sutil e venenosa, B\u00e1rbara convence Montserrat de que Eduardo pode ser um perigo para a menina e o garoto \u00e9 enviado para um internato na cidade. As cartas dos meninos chegam \u00e0s m\u00e3os de Soledad e ela, com muita dor, decide n\u00e3o entreg\u00e1-las a eles. Isso faz com que Fernanda se sinta esquecida por Eduardo.<\/p>\n","protected":false},"excerpt":{"rendered":"<p>Resumo novela \u201cAmanh\u00e3 \u00e9 para sempre\u201d 17\/05 : no cap\u00edtulo 064(*) da novela \u201cAmanh\u00e3 \u00e9 para sempre\u201d, resumo de quinta-feira, 17 de maio, Art\u00eamio ressalta que ele est\u00e1 preparando a ru\u00edna de Gonzalo Elizalde h\u00e1 quinze anos e agora, devido \u00e0 intromiss\u00e3o de Franco Santoro, eles precisam repensar sua estrat\u00e9gia. B\u00e1rbara assegura que eles n\u00e3o [&hellip;]<\/p>\n","protected":false},"author":4,"featured_media":134147,"comment_status":"open","ping_status":"closed","sticky":false,"template":"","format":"standard","meta":{"tdm_status":"","tdm_grid_status":"","footnotes":""},"categories":[379,372,343],"tags":[441],"class_list":{"0":"post-141699","1":"post","2":"type-post","3":"status-publish","4":"format-standard","5":"has-post-thumbnail","7":"category-novelas","8":"category-sbt","9":"category-televisao","10":"tag-resumo-do-dia"},"_links":{"self":[{"href":"https:\/\/migracao.redenoticia.com.br\/noticia\/wp-json\/wp\/v2\/posts\/141699","targetHints":{"allow":["GET"]}}],"collection":[{"href":"https:\/\/migracao.redenoticia.com.br\/noticia\/wp-json\/wp\/v2\/posts"}],"about":[{"href":"https:\/\/migracao.redenoticia.com.br\/noticia\/wp-json\/wp\/v2\/types\/post"}],"author":[{"embeddable":true,"href":"https:\/\/migracao.redenoticia.com.br\/noticia\/wp-json\/wp\/v2\/users\/4"}],"replies":[{"embeddable":true,"href":"https:\/\/migracao.redenoticia.com.br\/noticia\/wp-json\/wp\/v2\/comments?post=141699"}],"version-history":[{"count":0,"href":"https:\/\/migracao.redenoticia.com.br\/noticia\/wp-json\/wp\/v2\/posts\/141699\/revisions"}],"wp:featuredmedia":[{"embeddable":true,"href":"https:\/\/migracao.redenoticia.com.br\/noticia\/wp-json\/wp\/v2\/media\/134147"}],"wp:attachment":[{"href":"https:\/\/migracao.redenoticia.com.br\/noticia\/wp-json\/wp\/v2\/media?parent=141699"}],"wp:term":[{"taxonomy":"category","embeddable":true,"href":"https:\/\/migracao.redenoticia.com.br\/noticia\/wp-json\/wp\/v2\/categories?post=141699"},{"taxonomy":"post_tag","embeddable":true,"href":"https:\/\/migracao.redenoticia.com.br\/noticia\/wp-json\/wp\/v2\/tags?post=141699"}],"curies":[{"name":"wp","href":"https:\/\/api.w.org\/{rel}","templated":true}]}}