{"id":141955,"date":"2018-05-19T19:55:27","date_gmt":"2018-05-19T22:55:27","guid":{"rendered":"https:\/\/www.redenoticia.com.br\/noticia\/?p=141955"},"modified":"2018-05-19T21:15:10","modified_gmt":"2018-05-20T00:15:10","slug":"previsao-do-tempo-brasil-desta-domingo-20-05","status":"publish","type":"post","link":"https:\/\/migracao.redenoticia.com.br\/noticia\/2018\/previsao-do-tempo-brasil-desta-domingo-20-05\/141955","title":{"rendered":"Previs\u00e3o do tempo Brasil desta domingo (20\/05)"},"content":{"rendered":"<p><img loading=\"lazy\" decoding=\"async\" class=\"alignleft wp-image-28409 size-thumbnail\" src=\"https:\/\/migracao.redenoticia.com.br\/noticia\/imagens\/previsao-do-tempo-e-temperatura-150x96.jpg\" alt=\"Previs\u00e3o do tempo para o Brasil\" width=\"150\" height=\"96\" srcset=\"https:\/\/migracao.redenoticia.com.br\/noticia\/imagens\/previsao-do-tempo-e-temperatura-150x96.jpg 150w, https:\/\/migracao.redenoticia.com.br\/noticia\/imagens\/previsao-do-tempo-e-temperatura-250x160.jpg 250w, https:\/\/migracao.redenoticia.com.br\/noticia\/imagens\/previsao-do-tempo-e-temperatura.jpg 300w\" sizes=\"auto, (max-width: 150px) 100vw, 150px\" \/><strong><em>A previs\u00e3o do tempo e temperatura<\/em><\/strong> CPTEC\/INPE para domingo (20\/05) indica que a atua\u00e7\u00e3o de uma frente fria provocar\u00e1 queda nas temperaturas em grande parte da Regi\u00e3o Sul e Sudeste do pa\u00eds. Ainda haver\u00e1 possibilidade de chuva em parte do Sul do pa\u00eds, principalmente na faixa litor\u00e2nea. Ocorrer\u00e1 chuva no per\u00edodo da manh\u00e3 na faixa leste e nordeste de SP, RJ grande parte de MG e de GO. Ocorrer\u00e3o pancadas de chuva em grande parte da Regi\u00e3o Norte, com exce\u00e7\u00e3o de TO, no MA, centro-norte do PI, de CE e do RN. Possibilidade de chuva no leste entre o RN e Rec\u00f4ncavo Baiano. Ocorrer\u00e3o pancadas de chuva a partir da tarde em parte do norte do MT e chuvas isoladas ocorrer\u00e3o na faixa central do Estado. <\/p>\n<p>Previs\u00e3o do tempo para o Vale do Para\u00edba 20\/05\/2018: a tend\u00eancia \u00e9 que o dia amanhe\u00e7a mais fechado, com condi\u00e7\u00e3o de chuva, mas no decorrer das horas a tend\u00eancia \u00e9 de diminui\u00e7\u00e3o da nebulosidade e da chuva. As temperaturas m\u00e1ximas ter\u00e3o decl\u00ednio. O mar ficar\u00e1 agitado no Litoral Norte.<\/p>\n<p>Previs\u00e3o do tempo para a Regi\u00e3o Centro-Oeste 20\/05\/2018:Em grande parte de MS o dia ser\u00e1 de sol e poucas nuvens. No norte de MT haver\u00e1 possibilidade de pancadas de chuva. O dia ser\u00e1 nublado com possibilidade de chuva no sul de MT e GO. No leste de GO e DF o dia ficar\u00e1 nublado com pancadas de chuva. Nas demais \u00e1reas da regi\u00e3o o dia ser\u00e1 de chuva isolada. Temperatura est\u00e1vel<\/p>\n<p>Previs\u00e3o do tempo para a Regi\u00e3o Nordeste 20\/05\/2018:No nordeste da BA, no litoral de SE, de AL e de PE haver\u00e1 nebulosidade vari\u00e1vel com possibilidade de chuva. Nas demais \u00e1reas de PE, sul e oeste da PB, sul do CE e sudeste do PI o dia ficar\u00e1 nublado com possibilidade de chuva. Nas demais \u00e1reas da BA, de SE e de AL, no sul do PI e no extremo sul do MA o sol aparecer\u00e1 entre poucas nuvens. Nas demais \u00e1reas da regi\u00e3o haver\u00e1 nebulosidade vari\u00e1vel com pancadas de chuva isoladas. Temperatura est\u00e1vel.<\/p>\n<p>Previs\u00e3o do tempo para a Regi\u00e3o Norte 20\/05\/2018:No sul do AM, em RO e no AC haver\u00e1 muitas nuvens e chuvas isoladas. No sul do TO o sol aparecer\u00e1 entre poucas nuvens. Nas demais \u00e1reas da regi\u00e3o haver\u00e1 nebulosidade vari\u00e1vel com pancadas de chuva isoladas. Temperatura est\u00e1vel.<\/p>\n<p>Previs\u00e3o do tempo para a Regi\u00e3o Sudeste 20\/05\/2018:No sul de SP o dia ser\u00e1 nublado com pancadas de chuva localmente fortes. No centro-norte do ES e norte de MG o dia ser\u00e1 de sol e poucas nuvens. Nas demais \u00e1reas da regi\u00e3o o dia ser\u00e1 de pancadas de chuva \u00e0 tarde. Temperatura em decl\u00ednio na regi\u00e3o.<\/p>\n<p>Previs\u00e3o do tempo para a Regi\u00e3o Sul 20\/05\/2018:No sul e leste do RS o sol aparecer\u00e1 entre nebulosidade vari\u00e1vel. No leste do PR haver\u00e1 nebulosidade vari\u00e1vel com possibilidade de chuva pela manh\u00e3. Nas demais \u00e1reas da regi\u00e3o o sol aparecer\u00e1 entre poucas nuvens. Temperatura baixa na regi\u00e3o.<\/p>\n<p>Fonte &#8216;Previs\u00e3o do tempo&#8217; CPTEC<\/p>\n","protected":false},"excerpt":{"rendered":"<p>A previs\u00e3o do tempo e temperatura CPTEC\/INPE para domingo (20\/05) indica que a atua\u00e7\u00e3o de uma frente fria provocar\u00e1 queda nas temperaturas em grande parte da Regi\u00e3o Sul e Sudeste do pa\u00eds. Ainda haver\u00e1 possibilidade de chuva em parte do Sul do pa\u00eds, principalmente na faixa litor\u00e2nea. Ocorrer\u00e1 chuva no per\u00edodo da manh\u00e3 na faixa [&hellip;]<\/p>\n","protected":false},"author":4,"featured_media":28411,"comment_status":"open","ping_status":"closed","sticky":false,"template":"","format":"standard","meta":{"tdm_status":"","tdm_grid_status":"","footnotes":""},"categories":[327,376],"tags":[475],"class_list":{"0":"post-141955","1":"post","2":"type-post","3":"status-publish","4":"format-standard","5":"has-post-thumbnail","7":"category-clima","8":"category-clima-brasil","9":"tag-previsao-tempo"},"_links":{"self":[{"href":"https:\/\/migracao.redenoticia.com.br\/noticia\/wp-json\/wp\/v2\/posts\/141955","targetHints":{"allow":["GET"]}}],"collection":[{"href":"https:\/\/migracao.redenoticia.com.br\/noticia\/wp-json\/wp\/v2\/posts"}],"about":[{"href":"https:\/\/migracao.redenoticia.com.br\/noticia\/wp-json\/wp\/v2\/types\/post"}],"author":[{"embeddable":true,"href":"https:\/\/migracao.redenoticia.com.br\/noticia\/wp-json\/wp\/v2\/users\/4"}],"replies":[{"embeddable":true,"href":"https:\/\/migracao.redenoticia.com.br\/noticia\/wp-json\/wp\/v2\/comments?post=141955"}],"version-history":[{"count":0,"href":"https:\/\/migracao.redenoticia.com.br\/noticia\/wp-json\/wp\/v2\/posts\/141955\/revisions"}],"wp:featuredmedia":[{"embeddable":true,"href":"https:\/\/migracao.redenoticia.com.br\/noticia\/wp-json\/wp\/v2\/media\/28411"}],"wp:attachment":[{"href":"https:\/\/migracao.redenoticia.com.br\/noticia\/wp-json\/wp\/v2\/media?parent=141955"}],"wp:term":[{"taxonomy":"category","embeddable":true,"href":"https:\/\/migracao.redenoticia.com.br\/noticia\/wp-json\/wp\/v2\/categories?post=141955"},{"taxonomy":"post_tag","embeddable":true,"href":"https:\/\/migracao.redenoticia.com.br\/noticia\/wp-json\/wp\/v2\/tags?post=141955"}],"curies":[{"name":"wp","href":"https:\/\/api.w.org\/{rel}","templated":true}]}}