{"id":142098,"date":"2018-05-21T15:59:42","date_gmt":"2018-05-21T18:59:42","guid":{"rendered":"https:\/\/www.redenoticia.com.br\/noticia\/?p=142098"},"modified":"2018-05-21T19:10:11","modified_gmt":"2018-05-21T22:10:11","slug":"previsao-do-tempo-brasil-desta-terca-feira-22-05","status":"publish","type":"post","link":"https:\/\/migracao.redenoticia.com.br\/noticia\/2018\/previsao-do-tempo-brasil-desta-terca-feira-22-05\/142098","title":{"rendered":"Previs\u00e3o do tempo Brasil desta ter\u00e7a-feira (22\/05)"},"content":{"rendered":"<p><img loading=\"lazy\" decoding=\"async\" class=\"alignleft wp-image-28409 size-thumbnail\" src=\"https:\/\/migracao.redenoticia.com.br\/noticia\/imagens\/previsao-do-tempo-e-temperatura-150x96.jpg\" alt=\"Previs\u00e3o do tempo para o Brasil\" width=\"150\" height=\"96\" srcset=\"https:\/\/migracao.redenoticia.com.br\/noticia\/imagens\/previsao-do-tempo-e-temperatura-150x96.jpg 150w, https:\/\/migracao.redenoticia.com.br\/noticia\/imagens\/previsao-do-tempo-e-temperatura-250x160.jpg 250w, https:\/\/migracao.redenoticia.com.br\/noticia\/imagens\/previsao-do-tempo-e-temperatura.jpg 300w\" sizes=\"auto, (max-width: 150px) 100vw, 150px\" \/><strong><em>A previs\u00e3o do tempo e temperatura<\/em><\/strong> CPTEC\/INPE para ter\u00e7a-feira (22\/05) indica que ocorrer\u00e3o pancadas de chuva em grande do AM, RR, PA, AP, PA, norte do TO, MA e norte do PI. No sul da BA o dia ser\u00e1 com muitas nuvens e chuvas peri\u00f3dicas. Nas demais \u00e1reas da faixa leste do Nordeste, o dia ser\u00e1 com chance de chuvas isoladas. No centro-sul do pa\u00eds as temperaturas estar\u00e3o em gradativa eleva\u00e7\u00e3o, e em parte do Centro-Oeste e Sudeste o dia ser\u00e1 com valores de umidade do ar abaixo de 40%, em algumas \u00e1reas. <\/p>\n<p>Previs\u00e3o do tempo para o Vale do Para\u00edba 22\/05\/2018: o dia ser\u00e1 de sol e poucas nuvens em toda Regi\u00e3o. As temperaturas estar\u00e3o em gradativa eleva\u00e7\u00e3o, por\u00e9m ainda relativamente baixas, principalmente no per\u00edodo da manh\u00e3. Haver\u00e1 condi\u00e7\u00f5es favor\u00e1veis para forma\u00e7\u00e3o de nevoeiros nas \u00e1reas do Vale do Para\u00edba entre a madrugada e a manh\u00e3. O mar ainda estar\u00e1 agitado no Litoral Norte, as ondas na madrugada permanecer\u00e3o entre 2 e 3 metros de altura, durante o fim da manh\u00e3 a agita\u00e7\u00e3o come\u00e7ar\u00e1 a diminuir.<\/p>\n<p>Previs\u00e3o do tempo para a Regi\u00e3o Centro-Oeste 22\/05\/2018:\u00a0No nordeste de GO e nordeste de MT haver\u00e1 nebulosidade vari\u00e1vel com possibilidade de pancadas de chuva a partir da tarde. No noroeste de MT haver\u00e1 nebulosidade vari\u00e1vel com pancadas de chuva isoladas. No centro-sul de GO, no DF, centro-sul de MT e em MS o sol predominar\u00e1. Temperatura baixa em MS.<\/p>\n<p>Previs\u00e3o do tempo para a Regi\u00e3o Nordeste 22\/05\/2018:\u00a0No norte e oeste da regi\u00e3o o dia ser\u00e1 de pancadas de chuva localizadas. No centro-sul da BA o dia ser\u00e1 nublado com possibilidade de chuva. No litoral da BA o dia ser\u00e1 de chuva peri\u00f3dica. Tempo inst\u00e1vel no litoral leste do RN at\u00e9 PB. Nas demais \u00e1reas da regi\u00e3o haver\u00e1 sol e poucas nuvens. Temperatura est\u00e1vel.<\/p>\n<p>Previs\u00e3o do tempo para a Regi\u00e3o Norte 22\/05\/2018:\u00a0No leste do TO, sudoeste do AM, no AC e oeste de RO o dia ser\u00e1 de sol e poucas nuvens. Nas demais \u00e1reas da regi\u00e3o haver\u00e1 nebulosidade vari\u00e1vel com pancadas de chuva isoladas. Temperatura est\u00e1vel.<\/p>\n<p>Previs\u00e3o do tempo para a Regi\u00e3o Sudeste 22\/05\/2018:\u00a0No norte de MG o dia ficar\u00e1 nublado com possibilidade de chuva. No leste de MG e no ES o sol aparecer\u00e1 entre poucas nuvens. Nas demais \u00e1reas da regi\u00e3o o sol predominar\u00e1. Temperatura baixa.<\/p>\n<p>Previs\u00e3o do tempo para a Regi\u00e3o Sul 22\/05\/2018:\u00a0No leste e sudeste do RS o sol aparecer\u00e1 entre nebulosidade vari\u00e1vel. Na faixa norte do RS, em SC e no PR o sol predominar\u00e1. Nas demais \u00e1reas do RS o sol aparecer\u00e1 entre poucas nuvens. Temperatura baixa na regi\u00e3o.<\/p>\n<p>Fonte &#8216;Previs\u00e3o do tempo&#8217; CPTEC<\/p>\n","protected":false},"excerpt":{"rendered":"<p>A previs\u00e3o do tempo e temperatura CPTEC\/INPE para ter\u00e7a-feira (22\/05) indica que ocorrer\u00e3o pancadas de chuva em grande do AM, RR, PA, AP, PA, norte do TO, MA e norte do PI. No sul da BA o dia ser\u00e1 com muitas nuvens e chuvas peri\u00f3dicas. Nas demais \u00e1reas da faixa leste do Nordeste, o dia [&hellip;]<\/p>\n","protected":false},"author":4,"featured_media":28411,"comment_status":"open","ping_status":"closed","sticky":false,"template":"","format":"standard","meta":{"tdm_status":"","tdm_grid_status":"","footnotes":""},"categories":[327,376],"tags":[475],"class_list":{"0":"post-142098","1":"post","2":"type-post","3":"status-publish","4":"format-standard","5":"has-post-thumbnail","7":"category-clima","8":"category-clima-brasil","9":"tag-previsao-tempo"},"_links":{"self":[{"href":"https:\/\/migracao.redenoticia.com.br\/noticia\/wp-json\/wp\/v2\/posts\/142098","targetHints":{"allow":["GET"]}}],"collection":[{"href":"https:\/\/migracao.redenoticia.com.br\/noticia\/wp-json\/wp\/v2\/posts"}],"about":[{"href":"https:\/\/migracao.redenoticia.com.br\/noticia\/wp-json\/wp\/v2\/types\/post"}],"author":[{"embeddable":true,"href":"https:\/\/migracao.redenoticia.com.br\/noticia\/wp-json\/wp\/v2\/users\/4"}],"replies":[{"embeddable":true,"href":"https:\/\/migracao.redenoticia.com.br\/noticia\/wp-json\/wp\/v2\/comments?post=142098"}],"version-history":[{"count":0,"href":"https:\/\/migracao.redenoticia.com.br\/noticia\/wp-json\/wp\/v2\/posts\/142098\/revisions"}],"wp:featuredmedia":[{"embeddable":true,"href":"https:\/\/migracao.redenoticia.com.br\/noticia\/wp-json\/wp\/v2\/media\/28411"}],"wp:attachment":[{"href":"https:\/\/migracao.redenoticia.com.br\/noticia\/wp-json\/wp\/v2\/media?parent=142098"}],"wp:term":[{"taxonomy":"category","embeddable":true,"href":"https:\/\/migracao.redenoticia.com.br\/noticia\/wp-json\/wp\/v2\/categories?post=142098"},{"taxonomy":"post_tag","embeddable":true,"href":"https:\/\/migracao.redenoticia.com.br\/noticia\/wp-json\/wp\/v2\/tags?post=142098"}],"curies":[{"name":"wp","href":"https:\/\/api.w.org\/{rel}","templated":true}]}}