{"id":142357,"date":"2018-05-24T06:47:17","date_gmt":"2018-05-24T09:47:17","guid":{"rendered":"https:\/\/www.redenoticia.com.br\/noticia\/?p=142357"},"modified":"2018-05-24T06:47:17","modified_gmt":"2018-05-24T09:47:17","slug":"unesp-oferece-pos-graduacao-em-engenharia-civil-e-ambiental","status":"publish","type":"post","link":"https:\/\/migracao.redenoticia.com.br\/noticia\/2018\/unesp-oferece-pos-graduacao-em-engenharia-civil-e-ambiental\/142357","title":{"rendered":"Unesp oferece p\u00f3s-gradua\u00e7\u00e3o em Engenharia Civil e Ambiental"},"content":{"rendered":"<p> Ag\u00eancia FAPESP\u00a0\u2013 A Coordenadoria de P\u00f3s-Gradua\u00e7\u00e3o do Programa Interunidades em Engenharia Civil e Ambiental da Faculdade de Engenharia de Bauru da Unesp est\u00e1 com inscri\u00e7\u00f5es abertas, at\u00e9 25 de maio de 2018, para o processo seletivo dos <strong><em>cursos de p\u00f3s-gradua\u00e7\u00e3o<\/em><\/strong>. As vagas ser\u00e3o divididas entre as \u00e1reas Geotecnia e Saneamento. S\u00e3o 17 vagas para alunos regulares de mestrado, sendo nove para a \u00e1rea de Geotecnia e oito para a \u00e1rea de Saneamento. Quanto \u00e0s vagas de doutorado, s\u00e3o no total seis, sendo dois para a \u00e1rea de Geotecnia e quatro para a \u00e1rea de Saneamento.<\/p>\n<p>As linhas de pesquisa em Geotecnia s\u00e3o: Investiga\u00e7\u00e3o e Monitoramento Geoambiental; Diagn\u00f3stico e Interven\u00e7\u00f5es em Bacias Hidrogr\u00e1ficas; e Modelagem Te\u00f3rica e Num\u00e9rica de Problemas Hidrogeomec\u00e2nicos. J\u00e1 as linhas de pesquisa em Saneamento s\u00e3o: Infraestrutura Urbana e Regional; Manejo de Res\u00edduos; e Polui\u00e7\u00e3o e Controle.<\/p>\n<p>Os candidatos ser\u00e3o avaliados por meio de uma prova de conhecimentos espec\u00edficos, exame de profici\u00eancia em l\u00edngua inglesa, curriculum vitae, projeto de pesquisa e entrevista. As provas ser\u00e3o realizadas nas quatro unidades da universidade: Bauru, Guaratinguet\u00e1, Sorocaba e Rio Claro.<\/p>\n<p>As inscri\u00e7\u00f5es ser\u00e3o realizadas por meio de preenchimento de formul\u00e1rio dispon\u00edvel no\u00a0\u00a0e a documenta\u00e7\u00e3o dever\u00e1 ser enviada por Sedex ou entregue na Se\u00e7\u00e3o T\u00e9cnica de P\u00f3s-gradua\u00e7\u00e3o da Faculdade de Engenharia de Bauru (av. Engenheiro Luiz Edmundo Carrijo Coube, 14-01,Vargem Limpa, Bauru, SP, CEP 17033-360). O candidato dever\u00e1 apresentar a documenta\u00e7\u00e3o conforme a modalidade em que ir\u00e1 concorrer.<\/p>\n<p>A divulga\u00e7\u00e3o ser\u00e1 feita no\u00a0\u00a0do Programa de P\u00f3s-gradua\u00e7\u00e3o em Engenharia Civil e Ambiental, no dia 16 de julho.<\/p>\n<p>Mais informa\u00e7\u00f5es:\u00a0.<\/p>\n","protected":false},"excerpt":{"rendered":"<p>Ag\u00eancia FAPESP\u00a0\u2013 A Coordenadoria de P\u00f3s-Gradua\u00e7\u00e3o do Programa Interunidades em Engenharia Civil e Ambiental da Faculdade de Engenharia de Bauru da Unesp est\u00e1 com inscri\u00e7\u00f5es abertas, at\u00e9 25 de maio de 2018, para o processo seletivo dos cursos de p\u00f3s-gradua\u00e7\u00e3o. As vagas ser\u00e3o divididas entre as \u00e1reas Geotecnia e Saneamento. S\u00e3o 17 vagas para alunos [&hellip;]<\/p>\n","protected":false},"author":2,"featured_media":34767,"comment_status":"open","ping_status":"closed","sticky":false,"template":"","format":"standard","meta":{"tdm_status":"","tdm_grid_status":"","footnotes":""},"categories":[22,351,370],"tags":[],"class_list":{"0":"post-142357","1":"post","2":"type-post","3":"status-publish","4":"format-standard","5":"has-post-thumbnail","7":"category-brasil","8":"category-cursos","9":"category-inscricao"},"_links":{"self":[{"href":"https:\/\/migracao.redenoticia.com.br\/noticia\/wp-json\/wp\/v2\/posts\/142357","targetHints":{"allow":["GET"]}}],"collection":[{"href":"https:\/\/migracao.redenoticia.com.br\/noticia\/wp-json\/wp\/v2\/posts"}],"about":[{"href":"https:\/\/migracao.redenoticia.com.br\/noticia\/wp-json\/wp\/v2\/types\/post"}],"author":[{"embeddable":true,"href":"https:\/\/migracao.redenoticia.com.br\/noticia\/wp-json\/wp\/v2\/users\/2"}],"replies":[{"embeddable":true,"href":"https:\/\/migracao.redenoticia.com.br\/noticia\/wp-json\/wp\/v2\/comments?post=142357"}],"version-history":[{"count":0,"href":"https:\/\/migracao.redenoticia.com.br\/noticia\/wp-json\/wp\/v2\/posts\/142357\/revisions"}],"wp:featuredmedia":[{"embeddable":true,"href":"https:\/\/migracao.redenoticia.com.br\/noticia\/wp-json\/wp\/v2\/media\/34767"}],"wp:attachment":[{"href":"https:\/\/migracao.redenoticia.com.br\/noticia\/wp-json\/wp\/v2\/media?parent=142357"}],"wp:term":[{"taxonomy":"category","embeddable":true,"href":"https:\/\/migracao.redenoticia.com.br\/noticia\/wp-json\/wp\/v2\/categories?post=142357"},{"taxonomy":"post_tag","embeddable":true,"href":"https:\/\/migracao.redenoticia.com.br\/noticia\/wp-json\/wp\/v2\/tags?post=142357"}],"curies":[{"name":"wp","href":"https:\/\/api.w.org\/{rel}","templated":true}]}}