{"id":142359,"date":"2018-05-24T06:50:14","date_gmt":"2018-05-24T09:50:14","guid":{"rendered":"https:\/\/www.redenoticia.com.br\/noticia\/?p=142359"},"modified":"2018-05-24T06:50:14","modified_gmt":"2018-05-24T09:50:14","slug":"fatecs-vestibular-tem-vagas-para-curso-de-design-de-midias-digitais","status":"publish","type":"post","link":"https:\/\/migracao.redenoticia.com.br\/noticia\/2018\/fatecs-vestibular-tem-vagas-para-curso-de-design-de-midias-digitais\/142359","title":{"rendered":"Fatecs: Vestibular tem vagas para curso de Design de M\u00eddias Digitais"},"content":{"rendered":"<p> O <strong><em>curso superior tecnol\u00f3gico de Design de M\u00eddias Digitais<\/em><\/strong>, que ser\u00e1 oferecido na Faculdade de Tecnologia do Estado (Fatec) Barueri, na Grande S\u00e3o Paulo, \u00e9 uma das novidades do\u00a0. Ao todo, s\u00e3o 40 vagas para alunos no per\u00edodo noturno. As inscri\u00e7\u00f5es para o processo seletivo terminam no dia 8 de junho.<\/p>\n<p>\u201cO curso foi desenhado para formar um profissional com perfil praticamente in\u00e9dito no mercado. \u00c9 um tecn\u00f3logo que vai ter conhecimento total do processo de cria\u00e7\u00e3o e administra\u00e7\u00e3o de m\u00eddias digitais\u201d, ressalta o coordenador de projetos da Unidade de Ensino Superior e de Gradua\u00e7\u00e3o do Centro Paula Souza, C\u00e9sar Fernandes.<\/p>\n<p>Vale destacar que a gradua\u00e7\u00e3o in\u00e9dita \u00e9 resultado de uma parceria com a Tata Consultancy Services, multinacional do setor de Tecnologia da Informa\u00e7\u00e3o, com atua\u00e7\u00e3o em mais de 40 pa\u00edses. O conte\u00fado abordado durante os tr\u00eas anos abrange \u00e1reas como marketing, plano de neg\u00f3cios, design, programa\u00e7\u00e3o, desenvolvimento de sistemas, produ\u00e7\u00e3o de conte\u00fado e design.<\/p>\n<p>\u201cNossa proposta \u00e9 formar o tecn\u00f3logo que tenha a vis\u00e3o do todo, entenda as diversas etapas do desenvolvimento da companhia e possa analisar conte\u00fado e resultados\u201d, avalia o coordenador do curso, Jadir Mendon\u00e7a J\u00fanior.<\/p>\n<p>Panorama<\/p>\n<p>O contexto \u00e9 prop\u00edcio ao surgimento e \u00e0 expans\u00e3o da iniciativa, pois as novas plataformas de conte\u00fado, notadamente os computadores e celulares, se tornaram parte do cotidiano da popula\u00e7\u00e3o, com acesso \u00e0 informa\u00e7\u00e3o 24 horas por dia. Com isso, segundo especialistas, o panorama permite que o marketing digital cres\u00e7a e se diversifique.<\/p>\n<p>Al\u00e9m das empresas de Tecnologia da Informa\u00e7\u00e3o, o graduado na \u00e1rea poder\u00e1 atuar em ag\u00eancias de publicidade, setores de ind\u00fastria, com\u00e9rcio e servi\u00e7os, empresas de marketing, portais de informa\u00e7\u00e3o, produtoras de conte\u00fado, provedores de acesso, organiza\u00e7\u00f5es n\u00e3o-governamentais e institui\u00e7\u00f5es p\u00fablicas.<\/p>\n<p>\u201cOs estudantes de hoje ser\u00e3o os profissionais da era business 4.0 e precisam estar prontos para vivenciar o digital em todas as \u00e1reas de atua\u00e7\u00e3o. Conceitos como automa\u00e7\u00e3o, internet das coisas e intelig\u00eancia artificial j\u00e1 s\u00e3o uma realidade. Por isso, a nossa empresa se preocupa em investir no talento local para capacitar a m\u00e3o de obra especializada do futuro\u201d, analisa o presidente da Tata Consultancy Services Brasil, Tushar Parikh.<\/p>\n<p>Do Portal do Governo SP<\/p>\n","protected":false},"excerpt":{"rendered":"<p>O curso superior tecnol\u00f3gico de Design de M\u00eddias Digitais, que ser\u00e1 oferecido na Faculdade de Tecnologia do Estado (Fatec) Barueri, na Grande S\u00e3o Paulo, \u00e9 uma das novidades do\u00a0. Ao todo, s\u00e3o 40 vagas para alunos no per\u00edodo noturno. As inscri\u00e7\u00f5es para o processo seletivo terminam no dia 8 de junho. \u201cO curso foi desenhado [&hellip;]<\/p>\n","protected":false},"author":2,"featured_media":34896,"comment_status":"open","ping_status":"closed","sticky":false,"template":"","format":"standard","meta":{"tdm_status":"","tdm_grid_status":"","footnotes":""},"categories":[22,370,295],"tags":[],"class_list":{"0":"post-142359","1":"post","2":"type-post","3":"status-publish","4":"format-standard","5":"has-post-thumbnail","7":"category-brasil","8":"category-inscricao","9":"category-vestibular"},"_links":{"self":[{"href":"https:\/\/migracao.redenoticia.com.br\/noticia\/wp-json\/wp\/v2\/posts\/142359","targetHints":{"allow":["GET"]}}],"collection":[{"href":"https:\/\/migracao.redenoticia.com.br\/noticia\/wp-json\/wp\/v2\/posts"}],"about":[{"href":"https:\/\/migracao.redenoticia.com.br\/noticia\/wp-json\/wp\/v2\/types\/post"}],"author":[{"embeddable":true,"href":"https:\/\/migracao.redenoticia.com.br\/noticia\/wp-json\/wp\/v2\/users\/2"}],"replies":[{"embeddable":true,"href":"https:\/\/migracao.redenoticia.com.br\/noticia\/wp-json\/wp\/v2\/comments?post=142359"}],"version-history":[{"count":0,"href":"https:\/\/migracao.redenoticia.com.br\/noticia\/wp-json\/wp\/v2\/posts\/142359\/revisions"}],"wp:featuredmedia":[{"embeddable":true,"href":"https:\/\/migracao.redenoticia.com.br\/noticia\/wp-json\/wp\/v2\/media\/34896"}],"wp:attachment":[{"href":"https:\/\/migracao.redenoticia.com.br\/noticia\/wp-json\/wp\/v2\/media?parent=142359"}],"wp:term":[{"taxonomy":"category","embeddable":true,"href":"https:\/\/migracao.redenoticia.com.br\/noticia\/wp-json\/wp\/v2\/categories?post=142359"},{"taxonomy":"post_tag","embeddable":true,"href":"https:\/\/migracao.redenoticia.com.br\/noticia\/wp-json\/wp\/v2\/tags?post=142359"}],"curies":[{"name":"wp","href":"https:\/\/api.w.org\/{rel}","templated":true}]}}