{"id":142395,"date":"2018-05-24T16:55:35","date_gmt":"2018-05-24T19:55:35","guid":{"rendered":"https:\/\/www.redenoticia.com.br\/noticia\/?p=142395"},"modified":"2018-05-24T18:40:18","modified_gmt":"2018-05-24T21:40:18","slug":"resumo-novela-onde-nascem-os-fortes-25-05-pedro-e-hermano-sao-abordados-por-maria-e-simplicio","status":"publish","type":"post","link":"https:\/\/migracao.redenoticia.com.br\/noticia\/2018\/resumo-novela-onde-nascem-os-fortes-25-05-pedro-e-hermano-sao-abordados-por-maria-e-simplicio\/142395","title":{"rendered":"Resumo novela \u201cOnde Nascem os Fortes\u201d 25\/05: C\u00e1ssia se encontra com Maria"},"content":{"rendered":"<p><img loading=\"lazy\" decoding=\"async\" src=\"https:\/\/migracao.redenoticia.com.br\/noticia\/imagens\/onde-nascem-os-fortes-novela-globo-resumo-150x112.jpg\" alt=\"\" width=\"150\" height=\"112\" class=\"alignleft size-thumbnail wp-image-139170\" srcset=\"https:\/\/migracao.redenoticia.com.br\/noticia\/imagens\/onde-nascem-os-fortes-novela-globo-resumo-150x112.jpg 150w, https:\/\/migracao.redenoticia.com.br\/noticia\/imagens\/onde-nascem-os-fortes-novela-globo-resumo-265x198.jpg 265w\" sizes=\"auto, (max-width: 150px) 100vw, 150px\" \/><strong><em>Resumo novela \u201cOnde Nascem os Fortes\u201d 25\/05 <\/em><\/strong>: no cap\u00edtulo 020(*) da novela \u201cOnde Nascem os Fortes\u201d, resumo de sexta-feira, 25 de maio, Ramiro pressiona Pl\u00ednio para cumprir o seu mandado de reintegra\u00e7\u00e3o de terra. Clementino avan\u00e7a contra Adenilson. Hermano e Gilv\u00e2nia cuidam de Samir. Simpl\u00edcio e Maria conversam sobre a rotina de Pedro. Pedro e Hermano se reconciliam. Pedro fala com Joana. Hermano estranha o nervosismo de Valqu\u00edria ao falar sobre o Lajedo dos Anjos. C\u00e1ssia se encontra com Maria e conhece Simpl\u00edcio. Aurora vai com Pedro \u00e0 delegacia. <\/p>\n<p>Rosinete leva Gilv\u00e2nia para correr com ela. Aurora se recusa a contar para Pedro o que Pl\u00ednio lhe fez. Rosinete faz perguntas indiscretas para Gilv\u00e2nia. Orlando tenta tranquilizar C\u00e1ssia com rela\u00e7\u00e3o \u00e0 Maria. Joana conta para Samir sua rela\u00e7\u00e3o com Ramiro. Valqu\u00edria revela a Hermano o seu segredo. Maria, Simpl\u00edcio e Mudinho abordam Pedro e Hermano na estrada.<\/p>\n<p>(*) edi\u00e7\u00e3o da Rede Globo, Novela \u201cOnde Nascem os Fortes\u201d, sujeito a altera\u00e7\u00e3o de data e conte\u00fado.<\/p>\n<p>Maria (Alice Wegmann), uma jovem aventureira que tenta descobrir a qualquer custo o paradeiro do irm\u00e3o g\u00eameo, Nonato (Marco Pigossi), desaparecido misteriosamente ap\u00f3s flertar com a sedutora Joana (Maeve Jinkings), funcion\u00e1ria e amante do empres\u00e1rio Pedro Gouveia (Alexandre Nero), tamb\u00e9m conhecido como \u201cRei de Sert\u00e3o\u201d. A obra \u00e9 assinada por George Moura e Sergio Goldenberg e tem dire\u00e7\u00e3o art\u00edstica de Jos\u00e9 Luiz Villamarim.<\/p>\n<p>Na supers\u00e9rie \u201cOnde Nascem os Fortes\u201d, Maria e Nonato viajam para a cidade de Sert\u00e3o, terra natal de sua m\u00e3e, a engenheira qu\u00edmica C\u00e1ssia (Patricia Pillar), em busca de novas trilhas de bicicleta. L\u00e1, Maria se apaixona perdidamente pelo jovem empres\u00e1rio e paleont\u00f3logo Hermano (Gabriel Leone), filho de Rosinete (Debora Bloch) e Pedro Gouveia.<\/p>\n<p>Desconfiada de que Pedro possa estar envolvido no sumi\u00e7o do irm\u00e3o, Maria se afasta de Hermano e declara guerra ao poderoso e influente empres\u00e1rio, que, por sua vez, n\u00e3o medir\u00e1 esfor\u00e7os para proteger sua reputa\u00e7\u00e3o. O embate faz com que C\u00e1ssia retorne \u00e0 cidade depois de muitos anos e tenha o apoio de Ramiro (F\u00e1bio Assun\u00e7\u00e3o) \u2013 um juiz de Direito e inimigo de Pedro -, que tem interesses escusos por tr\u00e1s deste suposto altru\u00edsmo.<\/p>\n","protected":false},"excerpt":{"rendered":"<p>Resumo novela \u201cOnde Nascem os Fortes\u201d 25\/05 : no cap\u00edtulo 020(*) da novela \u201cOnde Nascem os Fortes\u201d, resumo de sexta-feira, 25 de maio, Ramiro pressiona Pl\u00ednio para cumprir o seu mandado de reintegra\u00e7\u00e3o de terra. Clementino avan\u00e7a contra Adenilson. Hermano e Gilv\u00e2nia cuidam de Samir. Simpl\u00edcio e Maria conversam sobre a rotina de Pedro. Pedro [&hellip;]<\/p>\n","protected":false},"author":4,"featured_media":139170,"comment_status":"open","ping_status":"closed","sticky":false,"template":"","format":"standard","meta":{"tdm_status":"","tdm_grid_status":"","footnotes":""},"categories":[379,468,375,343],"tags":[441],"class_list":{"0":"post-142395","1":"post","2":"type-post","3":"status-publish","4":"format-standard","5":"has-post-thumbnail","7":"category-novelas","8":"category-onde-nascem-os-fortes","9":"category-rede-globo","10":"category-televisao","11":"tag-resumo-do-dia"},"_links":{"self":[{"href":"https:\/\/migracao.redenoticia.com.br\/noticia\/wp-json\/wp\/v2\/posts\/142395","targetHints":{"allow":["GET"]}}],"collection":[{"href":"https:\/\/migracao.redenoticia.com.br\/noticia\/wp-json\/wp\/v2\/posts"}],"about":[{"href":"https:\/\/migracao.redenoticia.com.br\/noticia\/wp-json\/wp\/v2\/types\/post"}],"author":[{"embeddable":true,"href":"https:\/\/migracao.redenoticia.com.br\/noticia\/wp-json\/wp\/v2\/users\/4"}],"replies":[{"embeddable":true,"href":"https:\/\/migracao.redenoticia.com.br\/noticia\/wp-json\/wp\/v2\/comments?post=142395"}],"version-history":[{"count":0,"href":"https:\/\/migracao.redenoticia.com.br\/noticia\/wp-json\/wp\/v2\/posts\/142395\/revisions"}],"wp:featuredmedia":[{"embeddable":true,"href":"https:\/\/migracao.redenoticia.com.br\/noticia\/wp-json\/wp\/v2\/media\/139170"}],"wp:attachment":[{"href":"https:\/\/migracao.redenoticia.com.br\/noticia\/wp-json\/wp\/v2\/media?parent=142395"}],"wp:term":[{"taxonomy":"category","embeddable":true,"href":"https:\/\/migracao.redenoticia.com.br\/noticia\/wp-json\/wp\/v2\/categories?post=142395"},{"taxonomy":"post_tag","embeddable":true,"href":"https:\/\/migracao.redenoticia.com.br\/noticia\/wp-json\/wp\/v2\/tags?post=142395"}],"curies":[{"name":"wp","href":"https:\/\/api.w.org\/{rel}","templated":true}]}}