{"id":142751,"date":"2018-05-30T01:02:51","date_gmt":"2018-05-30T04:02:51","guid":{"rendered":"https:\/\/www.redenoticia.com.br\/noticia\/?p=142751"},"modified":"2018-05-30T01:07:54","modified_gmt":"2018-05-30T04:07:54","slug":"novela-orgulho-e-paixao-fani-e-desmascarada","status":"publish","type":"post","link":"https:\/\/migracao.redenoticia.com.br\/noticia\/2018\/novela-orgulho-e-paixao-fani-e-desmascarada\/142751","title":{"rendered":"Novela \u201cOrgulho e Paix\u00e3o\u201d: Fani \u00e9 desmascarada"},"content":{"rendered":"<p><img loading=\"lazy\" decoding=\"async\" src=\"https:\/\/migracao.redenoticia.com.br\/noticia\/imagens\/orgulho-e-paixao-150x112.jpg\" alt=\"\" width=\"150\" height=\"112\" class=\"alignleft size-thumbnail wp-image-140831\" srcset=\"https:\/\/migracao.redenoticia.com.br\/noticia\/imagens\/orgulho-e-paixao-150x112.jpg 150w, https:\/\/migracao.redenoticia.com.br\/noticia\/imagens\/orgulho-e-paixao-265x198.jpg 265w\" sizes=\"auto, (max-width: 150px) 100vw, 150px\" \/><strong><em>Novela \u201cOrgulho e Paix\u00e3o\u201d:<\/em><\/strong> Cec\u00edlia (Anaju Dorigon) encontra uma foto de Edmundo (Nando Rodrigues) no quarto de Fani (Tammy Di Calafiori). Ela questiona R\u00f4mulo (Marcos Pitombo) e ele explica que o irm\u00e3o teve um romance com a governanta, mas que o relacionamento terminou depois da falsa morte de sua m\u00e3e. R\u00f4mulo conta que o pai o mandou para a Europa e a dist\u00e2ncia acabou com o namoro. Em seguida, Cec\u00edlia v\u00ea a governanta vestida com as roupas da sogra, Josephine (Christine Fernandes), e uma vela na m\u00e3o para assust\u00e1-la. Cec\u00edlia quer entender por que Fani fez ela sofrer. Aos prantos, Fani pede perd\u00e3o e diz que ela n\u00e3o vai entende-la. A governanta corre para arrumar suas malas. Cec\u00edlia a segue at\u00e9 o quarto para continuar a conversa. Fani fica em choque ao perceber que Cec\u00edlia sabe sobre seu passado com o irm\u00e3o de R\u00f4mulo. <\/p>\n<p>No fict\u00edcio Vale do Caf\u00e9, interior de S\u00e3o Paulo, nossos personagens vivem seus conflitos sociais e de conduta, que sempre se contrap\u00f5em aos desejos pessoais de cada um. Elisabeta (Nathalia Dill) \u00e9 uma mulher \u00e0 frente do seu tempo, com pensamentos igualit\u00e1rios e interesses at\u00edpicos para uma jovem do in\u00edcio do s\u00e9culo XX. Ela deseja trabalhar, conhecer o mundo e \u00e9 incentivada a realizar seus sonhos pelo pai, Felisberto (Tato Gabus Mendes), que vive \u00e0s turras com a mulher, Of\u00e9lia (Vera Holtz), por pensarem diferente sobre a cria\u00e7\u00e3o das filhas. Ao todo, o casal teve cinco mulheres, e cada uma com uma personalidade diferente.<\/p>\n<p>A personagem de Nathalia Dill entrar\u00e1 em conflito quando se apaixonar por Darcy (Thiago Lacerda), um homem de car\u00e1ter e muito sisudo. O amor n\u00e3o \u00e9 \u00e0 primeira vista, j\u00e1 que os dois n\u00e3o se entendem assim que se conhecem. O sentimento de repulsa dar\u00e1 lugar a uma grande paix\u00e3o, que ser\u00e1 negada pelo casal o m\u00e1ximo poss\u00edvel.<\/p>\n<p>Fonte: &#8220;Orgulho e Paix\u00e3o&#8221;, novela da Rede Globo<\/p>\n","protected":false},"excerpt":{"rendered":"<p>Novela \u201cOrgulho e Paix\u00e3o\u201d: Cec\u00edlia (Anaju Dorigon) encontra uma foto de Edmundo (Nando Rodrigues) no quarto de Fani (Tammy Di Calafiori). Ela questiona R\u00f4mulo (Marcos Pitombo) e ele explica que o irm\u00e3o teve um romance com a governanta, mas que o relacionamento terminou depois da falsa morte de sua m\u00e3e. R\u00f4mulo conta que o pai [&hellip;]<\/p>\n","protected":false},"author":2,"featured_media":140831,"comment_status":"open","ping_status":"closed","sticky":false,"template":"","format":"standard","meta":{"tdm_status":"","tdm_grid_status":"","footnotes":""},"categories":[379,467,375,343],"tags":[440],"class_list":{"0":"post-142751","1":"post","2":"type-post","3":"status-publish","4":"format-standard","5":"has-post-thumbnail","7":"category-novelas","8":"category-orgulho-e-paixao","9":"category-rede-globo","10":"category-televisao","11":"tag-noticia-novela"},"_links":{"self":[{"href":"https:\/\/migracao.redenoticia.com.br\/noticia\/wp-json\/wp\/v2\/posts\/142751","targetHints":{"allow":["GET"]}}],"collection":[{"href":"https:\/\/migracao.redenoticia.com.br\/noticia\/wp-json\/wp\/v2\/posts"}],"about":[{"href":"https:\/\/migracao.redenoticia.com.br\/noticia\/wp-json\/wp\/v2\/types\/post"}],"author":[{"embeddable":true,"href":"https:\/\/migracao.redenoticia.com.br\/noticia\/wp-json\/wp\/v2\/users\/2"}],"replies":[{"embeddable":true,"href":"https:\/\/migracao.redenoticia.com.br\/noticia\/wp-json\/wp\/v2\/comments?post=142751"}],"version-history":[{"count":0,"href":"https:\/\/migracao.redenoticia.com.br\/noticia\/wp-json\/wp\/v2\/posts\/142751\/revisions"}],"wp:featuredmedia":[{"embeddable":true,"href":"https:\/\/migracao.redenoticia.com.br\/noticia\/wp-json\/wp\/v2\/media\/140831"}],"wp:attachment":[{"href":"https:\/\/migracao.redenoticia.com.br\/noticia\/wp-json\/wp\/v2\/media?parent=142751"}],"wp:term":[{"taxonomy":"category","embeddable":true,"href":"https:\/\/migracao.redenoticia.com.br\/noticia\/wp-json\/wp\/v2\/categories?post=142751"},{"taxonomy":"post_tag","embeddable":true,"href":"https:\/\/migracao.redenoticia.com.br\/noticia\/wp-json\/wp\/v2\/tags?post=142751"}],"curies":[{"name":"wp","href":"https:\/\/api.w.org\/{rel}","templated":true}]}}