{"id":142753,"date":"2018-05-30T00:51:52","date_gmt":"2018-05-30T03:51:52","guid":{"rendered":"https:\/\/www.redenoticia.com.br\/noticia\/?p=142753"},"modified":"2018-06-05T23:15:12","modified_gmt":"2018-06-06T02:15:12","slug":"masterchef-brasil-enquete-qual-competidor-deve-voltar-para-a-disputa","status":"publish","type":"post","link":"https:\/\/migracao.redenoticia.com.br\/noticia\/2018\/masterchef-brasil-enquete-qual-competidor-deve-voltar-para-a-disputa\/142753","title":{"rendered":"&#8220;MasterChef&#8221; Brasil enquete: qual competidor deve voltar para a disputa?"},"content":{"rendered":"<p>O &#8220;<strong><em>MasterChef<\/em><\/strong>&#8221; Brasil recebe os 11 eliminados da temporada para uma repescagem nesta ter\u00e7a-feira, 29, \u00e0s 22h30. Ana Luiza, Andressa, Ang\u00e9lica, Aristeu, Brissa, Clarisse, Crisleine, Dalvio, Hugo, Kau\u00ea e Tereza trabalham pela reconquista do avental. Nesta noite, dois cozinheiros voltam para a competi\u00e7\u00e3o. O primeiro teste \u00e9 de habilidade, onde eles adivinham ingredientes de olhos vendados. Ap\u00f3s a avalia\u00e7\u00e3o, dois competidores s\u00e3o eliminados e um volta imediatamente ao &#8220;MasterChef&#8221; Brasil. Na segunda etapa, os cozinheiros se enfrentam em duelos, representando diversos pa\u00edses, mas apenas um conquista a segunda vaga da repescagem. Vote na enquete &#8220;MasterChef&#8221; Brasil: qual competidor deve voltar para a disputa? <\/p>\n<p><script type=\"text\/javascript\" charset=\"utf-8\" data-cfasync=\"false\" src=\"https:\/\/secure.polldaddy.com\/p\/10017696.js\"><\/script><br \/>\n<noscript><\/noscript><\/p>\n<p>Ap\u00f3s as provas da respecagem, Ana Luiza e Hugo voltaram para o programa.<\/p>\n<p>Se voc\u00ea n\u00e3o est\u00e1 vendo a enquete, clique no link:<\/p>\n<p>Fonte &#8220;MasterChef&#8221; Brasil<\/p>\n<p>&#8212;<br \/>\nFormato &#8220;MasterChef&#8221; Brasil<br \/>\nOs chefs amadores s\u00e3o inicialmente selecionados atrav\u00e9s de audi\u00e7\u00f5es, selecionando um total de cem competidores para o in\u00edcio da competi\u00e7\u00e3o televisionada. Nas rodadas preliminares, cada um deles tem a oportunidade de preparar um prato de assinatura para o trio de jurados.<\/p>\n<p>Os participantes recebem uma quantidade limitada de tempo para preparar o prato e, em seguida, s\u00e3o dados cinco minutos antes dos tr\u00eas ju\u00edzes para completar o cozimento e montagem do prato, durante o qual os jurados perguntam sobre seus antecedentes.<\/p>\n<p>Os 3 jurados saboreiam o prato e votam &#8220;sim&#8221; ou &#8220;n\u00e3o&#8221; para manter o participante na competi\u00e7\u00e3o; 2 votos &#8220;sim&#8221; s\u00e3o necess\u00e1rios para o competidor seguir e receber um avental &#8220;MasterChef&#8221; Brasil, enquanto aqueles que n\u00e3o conseguem faz\u00ea-lo deixam a competi\u00e7\u00e3o.<\/p>\n<p>Duas rodadas s\u00e3o usadas para cortar o n\u00famero de competidores para 16. Um tipo de desafio faz com que os chefs amadores realizem uma tarefa de rotina, como cortar &#8220;cebolas em cubos&#8221;, durante as quais os jurados observar\u00e3o sua t\u00e9cnica.<\/p>\n<p>Os jurados podem avan\u00e7ar um competidor para a pr\u00f3xima rodada ou elimin\u00e1-los a qualquer momento durante o desafio, tomando seu avental. Um segundo tipo de desafio \u00e9 fazer com que os competidores inventem um novo prato em torno de um ingrediente b\u00e1sico ou um tema, com os jurados avan\u00e7ando ou eliminando os jogadores com base no gosto de seus pratos.<\/p>\n<p>Posteriormente, a competi\u00e7\u00e3o formal come\u00e7a normalmente seguindo um ciclo de 2 eventos que acontece ao longo de um epis\u00f3dio de 2 horas, com um competidor eliminado ap\u00f3s o segundo evento. Normalmente os eventos s\u00e3o: Desafio da Caixa Misteriosa, Desafio de Equipe, Desafio de Elimina\u00e7\u00e3o e Teste de Press\u00e3o.<\/p>\n<p>Este ciclo continua at\u00e9 que apenas dois chefs amadores permane\u00e7am, ent\u00e3o, os jurados selecionam o vencedor do &#8220;MasterChef&#8221; Brasil.<\/p>\n","protected":false},"excerpt":{"rendered":"<p>O &#8220;MasterChef&#8221; Brasil recebe os 11 eliminados da temporada para uma repescagem nesta ter\u00e7a-feira, 29, \u00e0s 22h30. Ana Luiza, Andressa, Ang\u00e9lica, Aristeu, Brissa, Clarisse, Crisleine, Dalvio, Hugo, Kau\u00ea e Tereza trabalham pela reconquista do avental. Nesta noite, dois cozinheiros voltam para a competi\u00e7\u00e3o. O primeiro teste \u00e9 de habilidade, onde eles adivinham ingredientes de olhos [&hellip;]<\/p>\n","protected":false},"author":2,"featured_media":140074,"comment_status":"open","ping_status":"closed","sticky":false,"template":"","format":"standard","meta":{"tdm_status":"","tdm_grid_status":"","footnotes":""},"categories":[390,343],"tags":[440],"class_list":{"0":"post-142753","1":"post","2":"type-post","3":"status-publish","4":"format-standard","5":"has-post-thumbnail","7":"category-band","8":"category-televisao","9":"tag-noticia-novela"},"_links":{"self":[{"href":"https:\/\/migracao.redenoticia.com.br\/noticia\/wp-json\/wp\/v2\/posts\/142753","targetHints":{"allow":["GET"]}}],"collection":[{"href":"https:\/\/migracao.redenoticia.com.br\/noticia\/wp-json\/wp\/v2\/posts"}],"about":[{"href":"https:\/\/migracao.redenoticia.com.br\/noticia\/wp-json\/wp\/v2\/types\/post"}],"author":[{"embeddable":true,"href":"https:\/\/migracao.redenoticia.com.br\/noticia\/wp-json\/wp\/v2\/users\/2"}],"replies":[{"embeddable":true,"href":"https:\/\/migracao.redenoticia.com.br\/noticia\/wp-json\/wp\/v2\/comments?post=142753"}],"version-history":[{"count":0,"href":"https:\/\/migracao.redenoticia.com.br\/noticia\/wp-json\/wp\/v2\/posts\/142753\/revisions"}],"wp:featuredmedia":[{"embeddable":true,"href":"https:\/\/migracao.redenoticia.com.br\/noticia\/wp-json\/wp\/v2\/media\/140074"}],"wp:attachment":[{"href":"https:\/\/migracao.redenoticia.com.br\/noticia\/wp-json\/wp\/v2\/media?parent=142753"}],"wp:term":[{"taxonomy":"category","embeddable":true,"href":"https:\/\/migracao.redenoticia.com.br\/noticia\/wp-json\/wp\/v2\/categories?post=142753"},{"taxonomy":"post_tag","embeddable":true,"href":"https:\/\/migracao.redenoticia.com.br\/noticia\/wp-json\/wp\/v2\/tags?post=142753"}],"curies":[{"name":"wp","href":"https:\/\/api.w.org\/{rel}","templated":true}]}}