{"id":142868,"date":"2018-05-30T18:34:09","date_gmt":"2018-05-30T21:34:09","guid":{"rendered":"https:\/\/www.redenoticia.com.br\/noticia\/?p=142868"},"modified":"2018-05-30T18:34:09","modified_gmt":"2018-05-30T21:34:09","slug":"vacinacao-contra-a-gripe-em-sp-e-prorrogada-ate-15-de-junho","status":"publish","type":"post","link":"https:\/\/migracao.redenoticia.com.br\/noticia\/2018\/vacinacao-contra-a-gripe-em-sp-e-prorrogada-ate-15-de-junho\/142868","title":{"rendered":"Vacina\u00e7\u00e3o contra a gripe em SP \u00e9 prorrogada at\u00e9 15 de junho"},"content":{"rendered":"<p> A Secretaria da Sa\u00fade do Estado de S\u00e3o Paulo anunciou a prorroga\u00e7\u00e3o da campanha de <strong><em>vacina\u00e7\u00e3o contra a gripe<\/em><\/strong> at\u00e9 o pr\u00f3ximo dia 15 de junho. Em todo o pa\u00eds, cerca de 18 milh\u00f5es de pessoas ainda precisam ser imunizadas, segundo a pasta. A expectativa do Minist\u00e9rio da Sa\u00fade \u00e9 de vacinar 54 milh\u00f5es de brasileiros. S\u00f3 em S\u00e3o Paulo, s\u00e3o cerca de 6,5 mil postos de vacina\u00e7\u00e3o em todo o Estado.<\/p>\n<p>Assim como ocorreu desde o in\u00edcio, a campanha trabalha com diferentes grupos priorit\u00e1rios, conforme explica a diretora da divis\u00e3o de imuniza\u00e7\u00e3o da Secretaria da Sa\u00fade do Estado de S\u00e3o Paulo, Helena Sato.<\/p>\n<p>\u201c\u00c9 muito importante deixarmos claro que essa vacina n\u00e3o aplicada para a popula\u00e7\u00e3o inteira, mas para grupos priorit\u00e1rios. Porque uma vez que esses grupos sejam infectados pelo v\u00edrus Influenza, eles ter\u00e3o maior risco de evoluir com complica\u00e7\u00f5es, como pneumonia e interna\u00e7\u00e3o hospitalar\u201d, diz a especialista.<\/p>\n<p>\u201cEsses grupos s\u00e3o formados por crian\u00e7as, entre 6 meses e 5 anos de idade, os trabalhadores da Sa\u00fade, do servi\u00e7o p\u00fablico ou do privado, gr\u00e1vidas em qualquer per\u00edodo da gesta\u00e7\u00e3o, as pu\u00e9rperas, m\u00e3es que acabaram de ter seus filhos, at\u00e9 45 dias de vida, e pessoas com 60 anos ou mais, \u00e9 fundamental que tomem a vacina. E o outro grupo importante s\u00e3o as pessoas portadoras de alguma doen\u00e7a cr\u00f4nica, que s\u00e3o os diab\u00e9ticos, os renais cr\u00f4nicos, os asm\u00e1ticos, os hepatopatas\u201d, completa a m\u00e9dica.<\/p>\n<p>Vacina trivalente<\/p>\n<p>A vacina \u00e9 a maneira mais eficaz de prote\u00e7\u00e3o contra o v\u00edrus. Segundo recomenda\u00e7\u00e3o da Organiza\u00e7\u00e3o Mundial de Sa\u00fade (OMS), a dose de 2018 ir\u00e1 prevenir a popula\u00e7\u00e3o alvo contra o Influenza\u00a0dos tipos A (H1N1), A (H3N2) e B.<\/p>\n<p>A produ\u00e7\u00e3o do composto est\u00e1 sendo feita pelo Instituto Butantan, unidade vinculada \u00e0 Secretaria de Sa\u00fade. S\u00f3 neste ano, j\u00e1 disponibilizou\u00a060 milh\u00f5es de doses ao Minist\u00e9rio da Sa\u00fade para a realiza\u00e7\u00e3o da campanha em todo o Brasil.<\/p>\n<p>Do Portal do Governo SP<\/p>\n","protected":false},"excerpt":{"rendered":"<p>A Secretaria da Sa\u00fade do Estado de S\u00e3o Paulo anunciou a prorroga\u00e7\u00e3o da campanha de vacina\u00e7\u00e3o contra a gripe at\u00e9 o pr\u00f3ximo dia 15 de junho. Em todo o pa\u00eds, cerca de 18 milh\u00f5es de pessoas ainda precisam ser imunizadas, segundo a pasta. A expectativa do Minist\u00e9rio da Sa\u00fade \u00e9 de vacinar 54 milh\u00f5es de [&hellip;]<\/p>\n","protected":false},"author":2,"featured_media":34747,"comment_status":"open","ping_status":"closed","sticky":false,"template":"","format":"standard","meta":{"tdm_status":"","tdm_grid_status":"","footnotes":""},"categories":[22,5],"tags":[],"class_list":{"0":"post-142868","1":"post","2":"type-post","3":"status-publish","4":"format-standard","5":"has-post-thumbnail","7":"category-brasil","8":"category-saude-e-vida"},"_links":{"self":[{"href":"https:\/\/migracao.redenoticia.com.br\/noticia\/wp-json\/wp\/v2\/posts\/142868","targetHints":{"allow":["GET"]}}],"collection":[{"href":"https:\/\/migracao.redenoticia.com.br\/noticia\/wp-json\/wp\/v2\/posts"}],"about":[{"href":"https:\/\/migracao.redenoticia.com.br\/noticia\/wp-json\/wp\/v2\/types\/post"}],"author":[{"embeddable":true,"href":"https:\/\/migracao.redenoticia.com.br\/noticia\/wp-json\/wp\/v2\/users\/2"}],"replies":[{"embeddable":true,"href":"https:\/\/migracao.redenoticia.com.br\/noticia\/wp-json\/wp\/v2\/comments?post=142868"}],"version-history":[{"count":0,"href":"https:\/\/migracao.redenoticia.com.br\/noticia\/wp-json\/wp\/v2\/posts\/142868\/revisions"}],"wp:featuredmedia":[{"embeddable":true,"href":"https:\/\/migracao.redenoticia.com.br\/noticia\/wp-json\/wp\/v2\/media\/34747"}],"wp:attachment":[{"href":"https:\/\/migracao.redenoticia.com.br\/noticia\/wp-json\/wp\/v2\/media?parent=142868"}],"wp:term":[{"taxonomy":"category","embeddable":true,"href":"https:\/\/migracao.redenoticia.com.br\/noticia\/wp-json\/wp\/v2\/categories?post=142868"},{"taxonomy":"post_tag","embeddable":true,"href":"https:\/\/migracao.redenoticia.com.br\/noticia\/wp-json\/wp\/v2\/tags?post=142868"}],"curies":[{"name":"wp","href":"https:\/\/api.w.org\/{rel}","templated":true}]}}