{"id":143147,"date":"2018-06-03T21:48:01","date_gmt":"2018-06-04T00:48:01","guid":{"rendered":"https:\/\/www.redenoticia.com.br\/noticia\/?p=143147"},"modified":"2018-06-05T22:41:42","modified_gmt":"2018-06-06T01:41:42","slug":"novela-os-dez-mandamentos-resumo-05-06-ada-diz-que-foi-atacada-por-josue","status":"publish","type":"post","link":"https:\/\/migracao.redenoticia.com.br\/noticia\/2018\/novela-os-dez-mandamentos-resumo-05-06-ada-diz-que-foi-atacada-por-josue\/143147","title":{"rendered":"Novela \u201cOs Dez Mandamentos\u201d resumo 05\/06: Ada diz que foi atacada por Josu\u00e9"},"content":{"rendered":"<p> <img loading=\"lazy\" decoding=\"async\" src=\"https:\/\/migracao.redenoticia.com.br\/noticia\/imagens\/resumo_novela_os_dez_mandamentos_record-150x112.jpg\" alt=\"\" width=\"150\" height=\"112\" class=\"alignleft size-thumbnail wp-image-68037\" srcset=\"https:\/\/migracao.redenoticia.com.br\/noticia\/imagens\/resumo_novela_os_dez_mandamentos_record-150x112.jpg 150w, https:\/\/migracao.redenoticia.com.br\/noticia\/imagens\/resumo_novela_os_dez_mandamentos_record-265x198.jpg 265w\" sizes=\"auto, (max-width: 150px) 100vw, 150px\" \/><em><strong>Novela \u201cOs Dez Mandamentos\u201d resumo 05\/06<\/strong><\/em>: no capitulo 031 (*) da novela \u201cOs Dez Mandamentos\u201d, ter\u00e7a-feira, 05 de junho, Josu\u00e9 olha pasmo para Ada, que continua com a farsa na frente de todos. Nadabe e Abi\u00fa o questionam e ele diz que ela \u00e9 louca. Eldade aconselha Josu\u00e9 a ir logo falar com Mois\u00e9s. Ada diz para as irm\u00e3s que Josu\u00e9 a atacou, mas ningu\u00e9m acredita. Mois\u00e9s diz a Josu\u00e9 que o sobrinho tem sua total confian\u00e7a. Z\u00edpora fica enfurecida com a hist\u00f3ria de Ada e d\u00e1 uma surra na irm\u00e3. As irm\u00e3s escutam os gritos de Ada. Emma mostra que n\u00e3o tem marca de nascen\u00e7a e deixa Bet\u00e2nia frustrada. Jaque conta que Ada aprontou com Josu\u00e9 e Ana d\u00e1 apoio ao noivo. Natan est\u00e1 com Oren na rua do com\u00e9rcio e procuram por Adira. O mercador avisa Rishon. Bet\u00e2nia conta para Bala\u00e3o que confirmou que Emma n\u00e3o \u00e9 sua filha e cobra ajuda.<\/p>\n<p>Adira presenteia Talita com um vestido novo e percebe a marca de nascen\u00e7a em sua coxa. Bet\u00e2nia se abre com Emma e diz que conheceu Zur no acampamento. Emma conta que ele e Tanya tiveram um caso, mas a rainha descobriu e mandou que se afastassem. Oren conta a Seom sobre sua visita a Moabe e diz que Bala\u00e3o confirmou tudo que Natan falou. O rei prev\u00ea que eles devem usar o servo para persuadir Mois\u00e9s. Bala\u00e3o conta a Balaque que Oren e o rei Seom encontraram Natan, e que o rapaz contou toda a hist\u00f3ria de Jetro e fam\u00edlia. Josu\u00e9 diz a Ana que est\u00e1 construindo uma tenda s\u00f3 para eles. Oren conta a Natan que Bet\u00e2nia se casou com Balaque e que as crian\u00e7as foram encontradas no deserto. O servo fica aliviado.<\/p>\n<p>Elda provoca Bet\u00e2nia sobre Jaque e Zur. Bet\u00e2nia cobra de Bala\u00e3o a ajuda para procurar por sua filha. Z\u00edpora pede que Mois\u00e9s mande homens procurar por Adira. No har\u00e9m, Bet\u00e2nia tenta ver se Emma tem a marca de nascen\u00e7a nas costas. Emma acorda, assustada. Ada entra na tenda de Josu\u00e9 fica nua e tenta seduzi-lo. Josu\u00e9 manda que ela v\u00e1 embora. Num momento de ira, Ada rasga o roup\u00e3o e sai da tenda gritando que foi atacada por Josu\u00e9. Nadabe, Abi\u00fa e Eldade perplexos com a cena. <\/p>\n<p>(*) edi\u00e7\u00e3o da Rede Record, Novela \u201cOs Dez Mandamentos\u201d, sujeito a altera\u00e7\u00e3o de data e conte\u00fado.<\/p>\n<p>\u201cOs Dez Mandamentos\u201d \u00e9 uma telenovela brasileira produzida e exibida pela RecordTV, tendo sua primeira temporada exibida entre 23 de mar\u00e7o e 23 de novembro de 2015 em 176 cap\u00edtulos, substituindo Vit\u00f3ria, e sendo substitu\u00edda pela reprise de Rei Davi. A segunda temporada foi produzida pela Casablanca e exibida de 04 de abril a 04 de julho de 2016 em 66 cap\u00edtulos, substituindo a reprise de Sans\u00e3o e Dalila e sendo substitu\u00edda por A Terra Prometida.<\/p>\n","protected":false},"excerpt":{"rendered":"<p>Novela \u201cOs Dez Mandamentos\u201d resumo 05\/06: no capitulo 031 (*) da novela \u201cOs Dez Mandamentos\u201d, ter\u00e7a-feira, 05 de junho, Josu\u00e9 olha pasmo para Ada, que continua com a farsa na frente de todos. Nadabe e Abi\u00fa o questionam e ele diz que ela \u00e9 louca. Eldade aconselha Josu\u00e9 a ir logo falar com Mois\u00e9s. Ada [&hellip;]<\/p>\n","protected":false},"author":2,"featured_media":68037,"comment_status":"open","ping_status":"closed","sticky":false,"template":"","format":"standard","meta":{"tdm_status":"","tdm_grid_status":"","footnotes":""},"categories":[379,424,371,343],"tags":[441],"class_list":{"0":"post-143147","1":"post","2":"type-post","3":"status-publish","4":"format-standard","5":"has-post-thumbnail","7":"category-novelas","8":"category-os-dez-mandamentos","9":"category-rede-record","10":"category-televisao","11":"tag-resumo-do-dia"},"_links":{"self":[{"href":"https:\/\/migracao.redenoticia.com.br\/noticia\/wp-json\/wp\/v2\/posts\/143147","targetHints":{"allow":["GET"]}}],"collection":[{"href":"https:\/\/migracao.redenoticia.com.br\/noticia\/wp-json\/wp\/v2\/posts"}],"about":[{"href":"https:\/\/migracao.redenoticia.com.br\/noticia\/wp-json\/wp\/v2\/types\/post"}],"author":[{"embeddable":true,"href":"https:\/\/migracao.redenoticia.com.br\/noticia\/wp-json\/wp\/v2\/users\/2"}],"replies":[{"embeddable":true,"href":"https:\/\/migracao.redenoticia.com.br\/noticia\/wp-json\/wp\/v2\/comments?post=143147"}],"version-history":[{"count":0,"href":"https:\/\/migracao.redenoticia.com.br\/noticia\/wp-json\/wp\/v2\/posts\/143147\/revisions"}],"wp:featuredmedia":[{"embeddable":true,"href":"https:\/\/migracao.redenoticia.com.br\/noticia\/wp-json\/wp\/v2\/media\/68037"}],"wp:attachment":[{"href":"https:\/\/migracao.redenoticia.com.br\/noticia\/wp-json\/wp\/v2\/media?parent=143147"}],"wp:term":[{"taxonomy":"category","embeddable":true,"href":"https:\/\/migracao.redenoticia.com.br\/noticia\/wp-json\/wp\/v2\/categories?post=143147"},{"taxonomy":"post_tag","embeddable":true,"href":"https:\/\/migracao.redenoticia.com.br\/noticia\/wp-json\/wp\/v2\/tags?post=143147"}],"curies":[{"name":"wp","href":"https:\/\/api.w.org\/{rel}","templated":true}]}}