{"id":143224,"date":"2018-06-15T15:07:31","date_gmt":"2018-06-15T18:07:31","guid":{"rendered":"https:\/\/www.redenoticia.com.br\/noticia\/?p=143224"},"modified":"2018-06-15T17:16:43","modified_gmt":"2018-06-15T20:16:43","slug":"copa-do-mundo-2018-russia-enquete-qual-adversario-mais-forte-do-brasil-na-fase-grupos","status":"publish","type":"post","link":"https:\/\/migracao.redenoticia.com.br\/noticia\/2018\/copa-do-mundo-2018-russia-enquete-qual-adversario-mais-forte-do-brasil-na-fase-grupos\/143224","title":{"rendered":"Copa do Mundo 2018 R\u00fassia Enquete: qual \u00e9 o advers\u00e1rio mais forte do Brasil na fase grupos"},"content":{"rendered":"<p><img loading=\"lazy\" decoding=\"async\" src=\"https:\/\/migracao.redenoticia.com.br\/noticia\/imagens\/copa-do-mundo-taca-150x112.jpg\" alt=\"\" width=\"150\" height=\"112\" class=\"alignleft size-thumbnail wp-image-141554\" srcset=\"https:\/\/migracao.redenoticia.com.br\/noticia\/imagens\/copa-do-mundo-taca-150x112.jpg 150w, https:\/\/migracao.redenoticia.com.br\/noticia\/imagens\/copa-do-mundo-taca-265x198.jpg 265w\" sizes=\"auto, (max-width: 150px) 100vw, 150px\" \/><strong><em>Copa do Mundo 2018 R\u00fassia Enquete<\/em><\/strong>: a Sele\u00e7\u00e3o Brasileira \u00e9 forte concorrente a vencer a Copa do Mundo da R\u00fassia por v\u00e1rios motivos. Tite, o t\u00e9cnico da Sele\u00e7\u00e3o, j\u00e1 conquistou a Copa Libertadores (2012), o Mundial de Clubes (2012), o Campeonato Brasileiro (2011 e 2015), a Recopa Sul-Americana (2013), entre outros t\u00edtulos importantes. O Brasil foi a primeira sele\u00e7\u00e3o a se classificar para a Copa do Mundo de 2018. A Sele\u00e7\u00e3o Brasileira garantiu a classifica\u00e7\u00e3o com anteced\u00eancia, em mar\u00e7o de 2017, com quatro rodadas antes do final das Eliminat\u00f3rias. Ap\u00f3s sorteio, o Brasil disputa a primeira fase no GRUPO E contra Costa Rica, S\u00e9rvia e Su\u00ed\u00e7a. Participe da Enquete: qual \u00e9 o advers\u00e1rio mais forte do Brasil na primeira fase da Copa do Mundo R\u00fassia?<\/p>\n<p><script type=\"text\/javascript\" charset=\"utf-8\" data-cfasync=\"false\" src=\"https:\/\/secure.polldaddy.com\/p\/10022829.js\"><\/script><br \/>\n<noscript><\/noscript> <\/p>\n<p>Se voc\u00ea n\u00e3o est\u00e1 vendo a enquete, clique no link abaixo:<br \/>\nCopa do Mundo 2018 R\u00fassia Enquete: <\/p>\n<p>Not\u00edcia relacionada &#8211; <\/p>\n<p> Jogadores convocados por Tite para a Copa de 2018:<br \/>\nGoleiros:<br \/>\nAlisson (Roma);<br \/>\nC\u00e1ssio (Corinthians);<br \/>\nEderson (Manchester City).<\/p>\n<p>Laterais:<br \/>\nDanilo (Manchester City);<br \/>\nFilipe Lu\u00eds (Atl\u00e9tico de Madrid);<br \/>\nMarcelo (Real Madrid);<br \/>\nFagner (Corinthians).<\/p>\n<p>Zagueiros:<br \/>\nMarquinhos (PSG);<br \/>\nMiranda (Inter de Mil\u00e3o);<br \/>\nThiago Silva (PSG);<br \/>\nGeromel (Gr\u00eamio).<\/p>\n<p>Meio-campistas:<br \/>\nCasemiro (Real Madrid);<br \/>\nRenato Augusto (Beijing Guoan);<br \/>\nFernandinho (Manchester City);<br \/>\nPaulinho (Barcelona);<br \/>\nPhilippe Coutinho (Barcelona);<br \/>\nWillian (Chelsea);<br \/>\nFred (Shakhtar).<\/p>\n<p>Atacantes:<br \/>\nNeymar (PSG);<br \/>\nGabriel Jesus (Manchester City);<br \/>\nRoberto Firmino (Liverpool);<br \/>\nDouglas Costa (Juventus);<br \/>\nTaison (Shakhtar).<\/p>\n","protected":false},"excerpt":{"rendered":"<p>Copa do Mundo 2018 R\u00fassia Enquete: a Sele\u00e7\u00e3o Brasileira \u00e9 forte concorrente a vencer a Copa do Mundo da R\u00fassia por v\u00e1rios motivos. Tite, o t\u00e9cnico da Sele\u00e7\u00e3o, j\u00e1 conquistou a Copa Libertadores (2012), o Mundial de Clubes (2012), o Campeonato Brasileiro (2011 e 2015), a Recopa Sul-Americana (2013), entre outros t\u00edtulos importantes. O Brasil [&hellip;]<\/p>\n","protected":false},"author":2,"featured_media":141554,"comment_status":"open","ping_status":"closed","sticky":false,"template":"","format":"standard","meta":{"tdm_status":"","tdm_grid_status":"","footnotes":""},"categories":[22],"tags":[480],"class_list":{"0":"post-143224","1":"post","2":"type-post","3":"status-publish","4":"format-standard","5":"has-post-thumbnail","7":"category-brasil","8":"tag-copa-da-russia"},"_links":{"self":[{"href":"https:\/\/migracao.redenoticia.com.br\/noticia\/wp-json\/wp\/v2\/posts\/143224","targetHints":{"allow":["GET"]}}],"collection":[{"href":"https:\/\/migracao.redenoticia.com.br\/noticia\/wp-json\/wp\/v2\/posts"}],"about":[{"href":"https:\/\/migracao.redenoticia.com.br\/noticia\/wp-json\/wp\/v2\/types\/post"}],"author":[{"embeddable":true,"href":"https:\/\/migracao.redenoticia.com.br\/noticia\/wp-json\/wp\/v2\/users\/2"}],"replies":[{"embeddable":true,"href":"https:\/\/migracao.redenoticia.com.br\/noticia\/wp-json\/wp\/v2\/comments?post=143224"}],"version-history":[{"count":0,"href":"https:\/\/migracao.redenoticia.com.br\/noticia\/wp-json\/wp\/v2\/posts\/143224\/revisions"}],"wp:featuredmedia":[{"embeddable":true,"href":"https:\/\/migracao.redenoticia.com.br\/noticia\/wp-json\/wp\/v2\/media\/141554"}],"wp:attachment":[{"href":"https:\/\/migracao.redenoticia.com.br\/noticia\/wp-json\/wp\/v2\/media?parent=143224"}],"wp:term":[{"taxonomy":"category","embeddable":true,"href":"https:\/\/migracao.redenoticia.com.br\/noticia\/wp-json\/wp\/v2\/categories?post=143224"},{"taxonomy":"post_tag","embeddable":true,"href":"https:\/\/migracao.redenoticia.com.br\/noticia\/wp-json\/wp\/v2\/tags?post=143224"}],"curies":[{"name":"wp","href":"https:\/\/api.w.org\/{rel}","templated":true}]}}