{"id":143454,"date":"2018-06-07T00:39:38","date_gmt":"2018-06-07T03:39:38","guid":{"rendered":"https:\/\/www.redenoticia.com.br\/noticia\/?p=143454"},"modified":"2018-06-07T00:39:38","modified_gmt":"2018-06-07T03:39:38","slug":"instituto-de-quimica-da-unesp-recebe-inscricoes-para-pos-graduacao","status":"publish","type":"post","link":"https:\/\/migracao.redenoticia.com.br\/noticia\/2018\/instituto-de-quimica-da-unesp-recebe-inscricoes-para-pos-graduacao\/143454","title":{"rendered":"Instituto de Qu\u00edmica da Unesp recebe inscri\u00e7\u00f5es para p\u00f3s-gradua\u00e7\u00e3o"},"content":{"rendered":"<p> Ag\u00eancia FAPESP\u00a0\u2013 O Instituto de Qu\u00edmica da Unesp, em Araraquara, abriu inscri\u00e7\u00f5es para os programas de <strong><em>P\u00f3s-Gradua\u00e7\u00e3o em Biotecnologia e de P\u00f3s-Gradua\u00e7\u00e3o em Qu\u00edmica<\/em><\/strong>. As inscri\u00e7\u00f5es v\u00e3o at\u00e9 8 de junho de 2018. Os processos seletivos s\u00e3o para os cursos de Biotecnologia e Qu\u00edmica. No primeiro, s\u00e3o 21 vagas para mestrado e 11 para doutorado, para ingresso no segundo semestre de 2018. Podem se inscrever portadores de diploma em cursos superiores recomendados pelo MEC em \u00e1reas correlacionadas \u00e0 Biotecnologia.<\/p>\n<p>O exame de sele\u00e7\u00e3o, entre 3 e 5 de julho, ser\u00e1 aplicado nas cidades de Araraquara, Pereira (Col\u00f4mbia) e Lima (Peru). Os candidatos de fora do Brasil podem escolher ter as quest\u00f5es da prova escrita em portugu\u00eas ou ingl\u00eas. As respostas poder\u00e3o ser feitas em portugu\u00eas, ingl\u00eas ou espanhol.<\/p>\n<p>Para o curso de mestrado e doutorado direto haver\u00e1 prova escrita abrangendo conhecimentos b\u00e1sicos de Bioqu\u00edmica e Microbiologia. Para o curso de doutorado ou doutorado direto haver\u00e1 an\u00e1lise do curriculum vitae documentado e an\u00e1lise, apresenta\u00e7\u00e3o e argui\u00e7\u00e3o do pr\u00e9-projeto.<\/p>\n<p>No curso de Qu\u00edmica, s\u00e3o 12 vagas para o mestrado e 12 para o doutorado, com ingresso no segundo semestre de 2018. Podem se inscrever portadores de diploma de curso superior em Qu\u00edmica ou \u00e1rea correlata.<\/p>\n<p>O exame de sele\u00e7\u00e3o ser\u00e1 entre 26 e 28 de junho. O candidato poder\u00e1 optar por realizar a prova em portugu\u00eas ou em ingl\u00eas e respostas em portugu\u00eas, ingl\u00eas ou espanhol.<\/p>\n<p>O exame de sele\u00e7\u00e3o para o curso de mestrado constar\u00e1 de prova escrita sobre aspectos fundamentais da Qu\u00edmica e Engenharia Qu\u00edmica e para o curso de doutorado haver\u00e1 a prova escrita sobre aspectos fundamentais da Qu\u00edmica e Engenharia Qu\u00edmica e an\u00e1lise do curriculum vitae e hist\u00f3rico escolar. A prova escrita ter\u00e1 12 quest\u00f5es, das quais o aluno dever\u00e1 escolher apenas oito quest\u00f5es para responder.<\/p>\n<p>Mais informa\u00e7\u00f5es:\u00a0\u00a0e\u00a0.<\/p>\n","protected":false},"excerpt":{"rendered":"<p>Ag\u00eancia FAPESP\u00a0\u2013 O Instituto de Qu\u00edmica da Unesp, em Araraquara, abriu inscri\u00e7\u00f5es para os programas de P\u00f3s-Gradua\u00e7\u00e3o em Biotecnologia e de P\u00f3s-Gradua\u00e7\u00e3o em Qu\u00edmica. As inscri\u00e7\u00f5es v\u00e3o at\u00e9 8 de junho de 2018. Os processos seletivos s\u00e3o para os cursos de Biotecnologia e Qu\u00edmica. No primeiro, s\u00e3o 21 vagas para mestrado e 11 para doutorado, [&hellip;]<\/p>\n","protected":false},"author":2,"featured_media":28951,"comment_status":"open","ping_status":"closed","sticky":false,"template":"","format":"standard","meta":{"tdm_status":"","tdm_grid_status":"","footnotes":""},"categories":[22,351,370],"tags":[],"class_list":{"0":"post-143454","1":"post","2":"type-post","3":"status-publish","4":"format-standard","5":"has-post-thumbnail","7":"category-brasil","8":"category-cursos","9":"category-inscricao"},"_links":{"self":[{"href":"https:\/\/migracao.redenoticia.com.br\/noticia\/wp-json\/wp\/v2\/posts\/143454","targetHints":{"allow":["GET"]}}],"collection":[{"href":"https:\/\/migracao.redenoticia.com.br\/noticia\/wp-json\/wp\/v2\/posts"}],"about":[{"href":"https:\/\/migracao.redenoticia.com.br\/noticia\/wp-json\/wp\/v2\/types\/post"}],"author":[{"embeddable":true,"href":"https:\/\/migracao.redenoticia.com.br\/noticia\/wp-json\/wp\/v2\/users\/2"}],"replies":[{"embeddable":true,"href":"https:\/\/migracao.redenoticia.com.br\/noticia\/wp-json\/wp\/v2\/comments?post=143454"}],"version-history":[{"count":0,"href":"https:\/\/migracao.redenoticia.com.br\/noticia\/wp-json\/wp\/v2\/posts\/143454\/revisions"}],"wp:featuredmedia":[{"embeddable":true,"href":"https:\/\/migracao.redenoticia.com.br\/noticia\/wp-json\/wp\/v2\/media\/28951"}],"wp:attachment":[{"href":"https:\/\/migracao.redenoticia.com.br\/noticia\/wp-json\/wp\/v2\/media?parent=143454"}],"wp:term":[{"taxonomy":"category","embeddable":true,"href":"https:\/\/migracao.redenoticia.com.br\/noticia\/wp-json\/wp\/v2\/categories?post=143454"},{"taxonomy":"post_tag","embeddable":true,"href":"https:\/\/migracao.redenoticia.com.br\/noticia\/wp-json\/wp\/v2\/tags?post=143454"}],"curies":[{"name":"wp","href":"https:\/\/api.w.org\/{rel}","templated":true}]}}