{"id":143476,"date":"2018-06-07T01:12:49","date_gmt":"2018-06-07T04:12:49","guid":{"rendered":"https:\/\/www.redenoticia.com.br\/noticia\/?p=143476"},"modified":"2018-06-08T20:53:06","modified_gmt":"2018-06-08T23:53:06","slug":"novela-os-dez-mandamentos-resumo-08-06-zur-assusta-betania","status":"publish","type":"post","link":"https:\/\/migracao.redenoticia.com.br\/noticia\/2018\/novela-os-dez-mandamentos-resumo-08-06-zur-assusta-betania\/143476","title":{"rendered":"Novela \u201cOs Dez Mandamentos\u201d resumo 08\/06: Zur assusta Bet\u00e2nia"},"content":{"rendered":"<p> <img loading=\"lazy\" decoding=\"async\" src=\"https:\/\/migracao.redenoticia.com.br\/noticia\/imagens\/resumo_novela_os_dez_mandamentos_record-150x112.jpg\" alt=\"\" width=\"150\" height=\"112\" class=\"alignleft size-thumbnail wp-image-68037\" srcset=\"https:\/\/migracao.redenoticia.com.br\/noticia\/imagens\/resumo_novela_os_dez_mandamentos_record-150x112.jpg 150w, https:\/\/migracao.redenoticia.com.br\/noticia\/imagens\/resumo_novela_os_dez_mandamentos_record-265x198.jpg 265w\" sizes=\"auto, (max-width: 150px) 100vw, 150px\" \/><em><strong>Novela \u201cOs Dez Mandamentos\u201d resumo 08\/06<\/strong><\/em>: no capitulo 034 (*) da novela \u201cOs Dez Mandamentos\u201d, sexta-feira, 08 de junho, Gahiji e Leila est\u00e3o apaixonados e felizes. Simut e Jerusa deitados sem saber muito o que fazer. Miri\u00e3 surpreende Hur, puxa-o contra si e derruba-o na cama. Josu\u00e9 e Ana est\u00e3o ansiosos, \u00e9 a primeira vez dos dois. Josu\u00e9 diante de Mois\u00e9s termina de passar um relat\u00f3rio das buscas. Mois\u00e9s decepcionado, mas seguro de sua decis\u00e3o. Balaque finge interesse e preocupa\u00e7\u00e3o com a dor de Bet\u00e2nia. <\/p>\n<p>Z\u00edpora conversa com Jaque que reage com leve surpresa ao que ouve da irm\u00e3. Oren voltando do pal\u00e1cio, nervoso e chateado ap\u00f3s o encontro com Natan. Bet\u00e2nia deitada de costas numa maca \u00e9 massageada por Emma. Zur chega e assusta Bet\u00e2nia.Bet\u00e2nia fica pasma diante de Zur e quer partir pra cima dele, mas \u00e9 contida por Emma. Elda repreende Zur. Rei Balaque fica furioso com a volta de Zur ao pal\u00e1cio. Zur revela que tem um filho. Betania est\u00e1 enfurecida e Emma tenta acalm\u00e1-la. <\/p>\n<p>(*) edi\u00e7\u00e3o da Rede Record, Novela \u201cOs Dez Mandamentos\u201d, sujeito a altera\u00e7\u00e3o de data e conte\u00fado.<\/p>\n<p>\u201cOs Dez Mandamentos\u201d \u00e9 uma telenovela brasileira produzida e exibida pela RecordTV, tendo sua primeira temporada exibida entre 23 de mar\u00e7o e 23 de novembro de 2015 em 176 cap\u00edtulos, substituindo Vit\u00f3ria, e sendo substitu\u00edda pela reprise de Rei Davi. A segunda temporada foi produzida pela Casablanca e exibida de 04 de abril a 04 de julho de 2016 em 66 cap\u00edtulos, substituindo a reprise de Sans\u00e3o e Dalila e sendo substitu\u00edda por A Terra Prometida.<\/p>\n","protected":false},"excerpt":{"rendered":"<p>Novela \u201cOs Dez Mandamentos\u201d resumo 08\/06: no capitulo 034 (*) da novela \u201cOs Dez Mandamentos\u201d, sexta-feira, 08 de junho, Gahiji e Leila est\u00e3o apaixonados e felizes. Simut e Jerusa deitados sem saber muito o que fazer. Miri\u00e3 surpreende Hur, puxa-o contra si e derruba-o na cama. Josu\u00e9 e Ana est\u00e3o ansiosos, \u00e9 a primeira vez [&hellip;]<\/p>\n","protected":false},"author":2,"featured_media":68037,"comment_status":"open","ping_status":"closed","sticky":false,"template":"","format":"standard","meta":{"tdm_status":"","tdm_grid_status":"","footnotes":""},"categories":[379,424,371,343],"tags":[441],"class_list":{"0":"post-143476","1":"post","2":"type-post","3":"status-publish","4":"format-standard","5":"has-post-thumbnail","7":"category-novelas","8":"category-os-dez-mandamentos","9":"category-rede-record","10":"category-televisao","11":"tag-resumo-do-dia"},"_links":{"self":[{"href":"https:\/\/migracao.redenoticia.com.br\/noticia\/wp-json\/wp\/v2\/posts\/143476","targetHints":{"allow":["GET"]}}],"collection":[{"href":"https:\/\/migracao.redenoticia.com.br\/noticia\/wp-json\/wp\/v2\/posts"}],"about":[{"href":"https:\/\/migracao.redenoticia.com.br\/noticia\/wp-json\/wp\/v2\/types\/post"}],"author":[{"embeddable":true,"href":"https:\/\/migracao.redenoticia.com.br\/noticia\/wp-json\/wp\/v2\/users\/2"}],"replies":[{"embeddable":true,"href":"https:\/\/migracao.redenoticia.com.br\/noticia\/wp-json\/wp\/v2\/comments?post=143476"}],"version-history":[{"count":0,"href":"https:\/\/migracao.redenoticia.com.br\/noticia\/wp-json\/wp\/v2\/posts\/143476\/revisions"}],"wp:featuredmedia":[{"embeddable":true,"href":"https:\/\/migracao.redenoticia.com.br\/noticia\/wp-json\/wp\/v2\/media\/68037"}],"wp:attachment":[{"href":"https:\/\/migracao.redenoticia.com.br\/noticia\/wp-json\/wp\/v2\/media?parent=143476"}],"wp:term":[{"taxonomy":"category","embeddable":true,"href":"https:\/\/migracao.redenoticia.com.br\/noticia\/wp-json\/wp\/v2\/categories?post=143476"},{"taxonomy":"post_tag","embeddable":true,"href":"https:\/\/migracao.redenoticia.com.br\/noticia\/wp-json\/wp\/v2\/tags?post=143476"}],"curies":[{"name":"wp","href":"https:\/\/api.w.org\/{rel}","templated":true}]}}